[{"field_event_origin_id":"62080-0","changed":"2026-04-24 16:06:15","title":"S\u00fcdpol meets Kharkiv: Some People","field_event_subtitle":"","field_event_image":"https:\/\/cms.sudpol.ch\/content\/uploads\/2026\/04\/WEB_some_people.jpg","body":"\u00abSome People\u00bb ist ein Netzwerk von K\u00fcnstler*innen und Kulturschaffenden aus Kharkiv, Ukraine. Dort beleben sie ein Kulturzentrum f\u00fcr Clubbing, Konzerte neuer Ukrainischer Musik, zeitgen\u00f6ssisches Theater und performative Projekte, Kunstausstellungen mitsamt Coworking Space und Produktionsstudios f\u00fcr Foto- und Videokunst. Im letzten Jahr haben wir ihnen unser ausrangiertes Technikequipment vermacht, jetzt treten die Artists rund um TYSK den Gegenbesuch an und machen auf ihrer Europatour Halt bei uns im Club. Let\u2019s meet some people and become friends! &lt;3\r\n&nbsp;\r\n\r\n&nbsp;\r\nLine-Up\r\nSasha Pervukhin\r\nTYSK\r\nSAXR\r\nFAT8\r\n&nbsp;\r\n\r\n&nbsp;","field_event_date":"02.05.2026","formatted_date_time":"2026-05-02 22:00:00","field_event_doors_datetime":"2026-05-02T22:00:00","field_event_doors":"22:00","formatted_event_doors":"2026-05-02 22:00:00","field_event_doors_string":"22:00","field_event_ticket_link":"","field_event_origin_link":"https:\/\/www.sudpol.ch\/programm\/sudpol-meets-kharkiv-some-people-0","field_event_youtube_clip_id":null,"field_event_soundcloud_clip_id":null,"field_event_vimeo_clip_id":null,"field_event_price":"AK: CHF 15","field_event_facebook_event_id":""},{"field_event_origin_id":"62053-0","changed":"2026-04-21 13:54:11","title":"Residenzsharing: Cie. Youkali: ON THE MOON","field_event_subtitle":"","field_event_image":"https:\/\/cms.sudpol.ch\/content\/uploads\/2026\/04\/moon_web.jpg","body":"Umwoben von Geschichten, geh\u00f6rt der Mond bisher nur den Tr\u00e4umenden und sich selbst. Doch was, wenn wieder Menschen auf dem Mond landen, wenn er erobert und dauerhaft bewohnt wird \u2013 werden Menschen in Zukunft den Mond besitzen?\r\nON THE MOON ist ein St\u00fcck der Cie. Youkali f\u00fcr junges Publikum. Es besch\u00e4ftigt sich mit der Frage von Besitz anhand des Mondes und reflektiert so den Umgang der Menschen mit ihrer Umwelt in Bezug auf Territorium.\r\nDas Projekt verbindet darstellende Kunst mit wissenschaftlichen Inhalten. Drei Performer:innen und ein Musiker begeben sich auf eine bilderreiche Reise ins All und erforschen zwischen Fakten und Fantasie ungew\u00f6hnliche Zukunftsutopien. Interdisziplin\u00e4r mit Luftakrobatik, Tanz, Physical Theatre und Live-Sound, vermittelt ON THE MOON komplexe Fragen physisch, spielerisch und interaktiv.\r\n&nbsp;\r\n\r\n&nbsp;\r\nKURZ GESAGT\r\nDas St\u00fcck ist f\u00fcr Menschen ab 6 Jahren und stellt spielerisch die Frage: \u00abWem geh\u00f6rt eigentlich der Mond?\u00bb Mit einer Mischung aus Tanz, Bewegungstheater und Luftakrobatik, begleitet durch live eingespielte Soundeffekte, entf\u00fchrt die Auff\u00fchrung in Raumfahrtgeschichten und Zukunftsszenarien auf dem Mond.\r\n&nbsp;\r\n\r\n&nbsp;","field_event_date":"18.06.2026","formatted_date_time":"2026-06-18 18:00:00","field_event_doors_datetime":"2026-06-18T18:00:00","field_event_doors":"18:00","formatted_event_doors":"2026-06-18 18:00:00","field_event_doors_string":"18:00","field_event_ticket_link":"","field_event_origin_link":"https:\/\/www.sudpol.ch\/programm\/residenzsharing-cie-youkali-on-the-moon-0","field_event_youtube_clip_id":null,"field_event_soundcloud_clip_id":null,"field_event_vimeo_clip_id":null,"field_event_price":"Eintritt frei","field_event_facebook_event_id":""},{"field_event_origin_id":"62031-0","changed":"2026-04-14 10:13:09","title":"Aldebs \/ Al Hakim \/ Caruso \/ Z\u00fcnd: raising flags","field_event_subtitle":"","field_event_image":"https:\/\/cms.sudpol.ch\/content\/uploads\/2026\/03\/flags_web.jpg","body":"Stoff im Wind. Farben, die Zugeh\u00f6rigkeit versprechen. Fahnen wirken weich \u2013 fast harmlos. Doch in ihren Bewegungen liegen Geschichten von Grenzen, Macht und Konflikt. \r\nZwei T\u00e4nzerinnen und eine Musikerin erforschen die Spannung zwischen Verf\u00fchrung und Widerstand: zwischen der scheinbar harmlosen \u00c4sthetik nationaler Symbole und der Kraft, mit der sie Gemeinschaft, Ausgrenzung und Konflikt formen k\u00f6nnen. W\u00e4hrend der Nationalismus weltweit neuen Aufwind erh\u00e4lt, fragt das St\u00fcck: Wie entsteht Widerstand? Und welche K\u00f6rper, Kl\u00e4nge und Bewegungen k\u00f6nnen ihm entgegentreten?\r\n&nbsp;\r\nKURZ GESAGT\r\nZwei T\u00e4nzerinnen und eine Musikerin erforschen auf der B\u00fchne die Themen Nationalismus und Widerstand. Es gibt Fahnen im Wind, milit\u00e4rische Bewegungsabl\u00e4ude und wiederst\u00e4ndige Songs.\r\n&nbsp;\r\nTickets werden ab Mitte Mai erh\u00e4ltlich sein.","field_event_date":"25.06.2026","formatted_date_time":"2026-06-25 20:00:00","field_event_doors_datetime":"2026-06-25T20:00:00","field_event_doors":"20:00","formatted_event_doors":"2026-06-25 20:00:00","field_event_doors_string":"20:00","field_event_ticket_link":"","field_event_origin_link":"https:\/\/www.sudpol.ch\/programm\/aldebs-al-hakim-caruso-zund-raising-flags-0","field_event_youtube_clip_id":null,"field_event_soundcloud_clip_id":null,"field_event_vimeo_clip_id":null,"field_event_price":"CHF 25 | CHF 15 (Mini) | CHF 35 (Soli)","field_event_facebook_event_id":""},{"field_event_origin_id":"62031-1","changed":"2026-04-14 10:13:09","title":"Aldebs \/ Al Hakim \/ Caruso \/ Z\u00fcnd: raising flags","field_event_subtitle":"","field_event_image":"https:\/\/cms.sudpol.ch\/content\/uploads\/2026\/03\/flags_web.jpg","body":"Stoff im Wind. Farben, die Zugeh\u00f6rigkeit versprechen. Fahnen wirken weich \u2013 fast harmlos. Doch in ihren Bewegungen liegen Geschichten von Grenzen, Macht und Konflikt. \r\nZwei T\u00e4nzerinnen und eine Musikerin erforschen die Spannung zwischen Verf\u00fchrung und Widerstand: zwischen der scheinbar harmlosen \u00c4sthetik nationaler Symbole und der Kraft, mit der sie Gemeinschaft, Ausgrenzung und Konflikt formen k\u00f6nnen. W\u00e4hrend der Nationalismus weltweit neuen Aufwind erh\u00e4lt, fragt das St\u00fcck: Wie entsteht Widerstand? Und welche K\u00f6rper, Kl\u00e4nge und Bewegungen k\u00f6nnen ihm entgegentreten?\r\n&nbsp;\r\nKURZ GESAGT\r\nZwei T\u00e4nzerinnen und eine Musikerin erforschen auf der B\u00fchne die Themen Nationalismus und Widerstand. Es gibt Fahnen im Wind, milit\u00e4rische Bewegungsabl\u00e4ude und wiederst\u00e4ndige Songs.\r\n&nbsp;\r\nTickets werden ab Mitte Mai erh\u00e4ltlich sein.","field_event_date":"26.06.2026","formatted_date_time":"2026-06-26 20:00:00","field_event_doors_datetime":"2026-06-26T20:00:00","field_event_doors":"20:00","formatted_event_doors":"2026-06-26 20:00:00","field_event_doors_string":"20:00","field_event_ticket_link":"","field_event_origin_link":"https:\/\/www.sudpol.ch\/programm\/aldebs-al-hakim-caruso-zund-raising-flags-1","field_event_youtube_clip_id":null,"field_event_soundcloud_clip_id":null,"field_event_vimeo_clip_id":null,"field_event_price":"CHF 25 | CHF 15 (Mini) | CHF 35 (Soli)","field_event_facebook_event_id":""},{"field_event_origin_id":"62031-2","changed":"2026-04-14 10:13:09","title":"Aldebs \/ Al Hakim \/ Caruso \/ Z\u00fcnd: raising flags","field_event_subtitle":"","field_event_image":"https:\/\/cms.sudpol.ch\/content\/uploads\/2026\/03\/flags_web.jpg","body":"Stoff im Wind. Farben, die Zugeh\u00f6rigkeit versprechen. Fahnen wirken weich \u2013 fast harmlos. Doch in ihren Bewegungen liegen Geschichten von Grenzen, Macht und Konflikt. \r\nZwei T\u00e4nzerinnen und eine Musikerin erforschen die Spannung zwischen Verf\u00fchrung und Widerstand: zwischen der scheinbar harmlosen \u00c4sthetik nationaler Symbole und der Kraft, mit der sie Gemeinschaft, Ausgrenzung und Konflikt formen k\u00f6nnen. W\u00e4hrend der Nationalismus weltweit neuen Aufwind erh\u00e4lt, fragt das St\u00fcck: Wie entsteht Widerstand? Und welche K\u00f6rper, Kl\u00e4nge und Bewegungen k\u00f6nnen ihm entgegentreten?\r\n&nbsp;\r\nKURZ GESAGT\r\nZwei T\u00e4nzerinnen und eine Musikerin erforschen auf der B\u00fchne die Themen Nationalismus und Widerstand. Es gibt Fahnen im Wind, milit\u00e4rische Bewegungsabl\u00e4ude und wiederst\u00e4ndige Songs.\r\n&nbsp;\r\nTickets werden ab Mitte Mai erh\u00e4ltlich sein.","field_event_date":"27.06.2026","formatted_date_time":"2026-06-27 20:00:00","field_event_doors_datetime":"2026-06-27T20:00:00","field_event_doors":"20:00","formatted_event_doors":"2026-06-27 20:00:00","field_event_doors_string":"20:00","field_event_ticket_link":"","field_event_origin_link":"https:\/\/www.sudpol.ch\/programm\/aldebs-al-hakim-caruso-zund-raising-flags-2","field_event_youtube_clip_id":null,"field_event_soundcloud_clip_id":null,"field_event_vimeo_clip_id":null,"field_event_price":"CHF 25 | CHF 15 (Mini) | CHF 35 (Soli)","field_event_facebook_event_id":""},{"field_event_origin_id":"62031-3","changed":"2026-04-14 10:13:09","title":"Aldebs \/ Al Hakim \/ Caruso \/ Z\u00fcnd: raising flags","field_event_subtitle":"","field_event_image":"https:\/\/cms.sudpol.ch\/content\/uploads\/2026\/03\/flags_web.jpg","body":"Stoff im Wind. Farben, die Zugeh\u00f6rigkeit versprechen. Fahnen wirken weich \u2013 fast harmlos. Doch in ihren Bewegungen liegen Geschichten von Grenzen, Macht und Konflikt. \r\nZwei T\u00e4nzerinnen und eine Musikerin erforschen die Spannung zwischen Verf\u00fchrung und Widerstand: zwischen der scheinbar harmlosen \u00c4sthetik nationaler Symbole und der Kraft, mit der sie Gemeinschaft, Ausgrenzung und Konflikt formen k\u00f6nnen. W\u00e4hrend der Nationalismus weltweit neuen Aufwind erh\u00e4lt, fragt das St\u00fcck: Wie entsteht Widerstand? Und welche K\u00f6rper, Kl\u00e4nge und Bewegungen k\u00f6nnen ihm entgegentreten?\r\n&nbsp;\r\nKURZ GESAGT\r\nZwei T\u00e4nzerinnen und eine Musikerin erforschen auf der B\u00fchne die Themen Nationalismus und Widerstand. Es gibt Fahnen im Wind, milit\u00e4rische Bewegungsabl\u00e4ude und wiederst\u00e4ndige Songs.\r\n&nbsp;\r\nTickets werden ab Mitte Mai erh\u00e4ltlich sein.","field_event_date":"28.06.2026","formatted_date_time":"2026-06-28 18:00:00","field_event_doors_datetime":"2026-06-28T18:00:00","field_event_doors":"18:00","formatted_event_doors":"2026-06-28 18:00:00","field_event_doors_string":"18:00","field_event_ticket_link":"","field_event_origin_link":"https:\/\/www.sudpol.ch\/programm\/aldebs-al-hakim-caruso-zund-raising-flags-3","field_event_youtube_clip_id":null,"field_event_soundcloud_clip_id":null,"field_event_vimeo_clip_id":null,"field_event_price":"CHF 25 | CHF 15 (Mini) | CHF 35 (Soli)","field_event_facebook_event_id":""},{"field_event_origin_id":"62026-0","changed":"2026-04-21 09:21:00","title":"ECLIPSE BOUNDARIES: Three Bass Systems: Chapter One","field_event_subtitle":"","field_event_image":"https:\/\/cms.sudpol.ch\/content\/uploads\/2026\/04\/eclipse_web.jpg","body":"Eine Nacht. Drei Systeme. Drei Kapitel Drum and Bass. Three Bass Systems. Sets, die in einer einzigen Nacht drei verschiedene Klangwelten aufspannen. Jedes mit seinem eigenen Charakter, seiner eigenen Tiefe, seiner eigenen Geschichte. Von dunkel und atmosph\u00e4risch bis treibend und kompromisslos. Zusammen zeigen sie die ganze Bandbreite dessen, was Drum and Bass kann. Kein Kompromiss. All night long. Three Bass Systems.\r\n22:00 - 23:00 \u00a0LORN | Liquid \/ deep D'n'b\r\n23:00 - 00:00 \u00a0AETHEM | deep D'n'b\r\n00:00 - 01:00 \u00a0FRIED FISH STICK | JUMP UP D'n'B\r\n01:00 - 03:00 \u00a0RAEDON | NEURO D'n'B","field_event_date":"06.06.2026","formatted_date_time":"2026-06-06 22:00:00","field_event_doors_datetime":"2026-06-06T22:00:00","field_event_doors":"22:00","formatted_event_doors":"2026-06-06 22:00:00","field_event_doors_string":"22:00","field_event_ticket_link":"https:\/\/www.ticketmaster.ch\/event\/322594604","field_event_origin_link":"https:\/\/www.sudpol.ch\/programm\/eclipse-boundaries-three-bass-systems-chapter-one-0","field_event_youtube_clip_id":null,"field_event_soundcloud_clip_id":null,"field_event_vimeo_clip_id":null,"field_event_price":"VVK: CHF 20 | AK: CHF 25","field_event_facebook_event_id":""},{"field_event_origin_id":"61920-0","changed":"2026-04-14 14:14:32","title":"Sommer im S\u00fcdpol: Sleeper Spies","field_event_subtitle":"","field_event_image":"https:\/\/cms.sudpol.ch\/content\/uploads\/2026\/04\/WEB_SleeperSpies.jpg","body":"Sleeper Spies zelebrieren ihre eigene, verfremdete Vorstellung von emotionaler Gitarrenmusik, die sich zeitweise langsam und schleppend entfaltet und dann wieder stimmungsvoll in euphorischen, rockdurchzogenen Dirtgaze \u00fcbergeht. Lukas Caprez steht mit Gesang und Gitarre im Vordergrund der vierk\u00f6pfigen Band, die durch Laurin Huber am Schlagzeug, das unverkennbare Gegenst\u00fcck an der Gitarre Ludwig Schilling sowie Rolf Laure\u0133s am Bass ihre vollst\u00e4ndige Form findet. Die Band aus Z\u00fcrich, die noch immer von einer gewissen Mystik umgeben ist, hat mit ihrem (bisher einzigen ver\u00f6ffentlichten) Song \u00abtry\u00bb bereits Aufmerksamkeit erregt, unter anderem als Staff-Pick bei Nina Protocol, wo sie dem Shoegaze zugeordnet wurde. Nach einem Jahr mit mehreren lokalen Underground Auftritten treten Sleeper Spies nun mit ihrer ersten EP \u00abclincher\u00bb hervor: Gut vorbereitet und bereit, mit ihrer durchdacht verzerrten und direkten Musik den n\u00e4chsten Schritt zu machen.\u00a0\r\n&nbsp;\r\n\u00abSommer im S\u00fcdpol\u00bb \u00a0heisst das Sommerprogramm auf unserem Vorplatz unter freiem Himmel. Die Konzerte finden nur bei trockenem Wetter statt. Der Eintritt ist frei und es gibt eine Kollekte, die direkt an die Musiker*innen gehen. Kommt auf ein Getr\u00e4nk vorbei und lauscht dabei aktuellem Sound aus der Schweiz.\r\n&nbsp;","field_event_date":"13.08.2026","formatted_date_time":"2026-08-13 20:30:00","field_event_doors_datetime":"2026-08-13T20:30:00","field_event_doors":"20:30","formatted_event_doors":"2026-08-13 20:30:00","field_event_doors_string":"20:30","field_event_ticket_link":"","field_event_origin_link":"https:\/\/www.sudpol.ch\/programm\/sommer-im-sudpol-sleeper-spies-0","field_event_youtube_clip_id":null,"field_event_soundcloud_clip_id":null,"field_event_vimeo_clip_id":null,"field_event_price":"Eintritt Frei \/ Kollekte","field_event_facebook_event_id":""},{"field_event_origin_id":"62013-0","changed":"2026-04-27 12:08:56","title":"Residenzsharing: Elias Kurth: THRILL(ER)","field_event_subtitle":"","field_event_image":"https:\/\/cms.sudpol.ch\/content\/uploads\/2026\/04\/thriller_web-1.jpg","body":"Die Angst geht um: In einer Zeit, in der Furcht politisch und \u00f6konomisch instrumentalisiert wird, bedeutet ihre Kontrolle Macht. Angetrieben von der Aufmerksamkeits\u00f6konomie vermischen sich reale Gefahren mit \u00fcbertriebenen oder irrationalen \u00c4ngsten. Das Resultat ist omnipr\u00e4sentes Misstrauen und ein gesellschaftlicher Zustand permanenter \u00abAnxiety\u00bb. Die Performance THRILL(ER) untersucht diese Mechanismen der Verunsicherung sowie die daraus entstehende Spannung (Suspense) und ihre k\u00f6rperliche Wirkung.\r\n&nbsp;\r\nDer simultan getanzte, gespielte und erz\u00e4hlte Solo-Thriller \u00fcbertr\u00e4gt im Zusammenspiel von Tanz, Theater, Sound und Objekten eine vom Filmgenre Thriller inspirierte Atmosph\u00e4re in den B\u00fchnenraum. Im Zentrum steht die Kreation einer machiavellischen Figur mit einer Bewegungssprache, die zugleich fasziniert und verst\u00f6rt. Abseits gewohnter Logik seziert der Choreograf Elias Kurth mit diesem inkoh\u00e4renten Protagonisten die zeitgen\u00f6ssische Wahrnehmung im Post-Truth-Zeitalter. Die Inszenierung einer d\u00fcsteren Szenerie durch multiple Narrative verschiebt konstant die Lesart zwischen Bild, Handlung, Performance und Intention der Figur. Inmitten dieser diffusen Unsicherheit und des sich anstauenden Unbehagens beginnt die Jagd nach dem \u00abThrill\u00bb \u2013 als vibrierendes und hoffnungsvolles Versprechen eines \u00abanderen Ausgangs\u00bb.\r\n&nbsp;\r\nKURZ GESAGT\r\nEin Choreograf erforscht zum Thema Angst das Gef\u00fchl von Spannung (Suspense) und kreiert als T\u00e4nzer eine machiavellische Figur und K\u00f6rpersprache. Wie kann im Zusammenspiel von Tanz, Theater, Sound und Objekten eine vom Filmgenre Thriller inspirierte Atmosph\u00e4re entstehen? Das Projekt steht am Anfang der Kreation und es werden erste t\u00e4nzerische und musikalische Fragmente mit den Besuchenden geteilt.\r\n&nbsp;\r\nRESIDENZSHARING\r\nAm S\u00fcdpol haben K\u00fcnstler*innen \u2013 in einer sogenannten Residenz \u2013 Zeit und Raum, um an Neuem zu arbeiten: Sie entwickeln, probieren aus, verwerfen und erfinden neu, unterst\u00fctzt und begleitet vom S\u00fcdpol-Team. Das Residenzsharing ist eine Einladung zu beiderseitigem Austausch: Die K\u00fcnstler*innen teilen den aktuellen Stand ihrer Arbeit mit dem Publikum und das Publikum teilt erste Eindr\u00fccke davon mit den K\u00fcnstler*innen.","field_event_date":"20.05.2026","formatted_date_time":"2026-05-20 19:00:00","field_event_doors_datetime":"2026-05-20T19:00:00","field_event_doors":"19:00","formatted_event_doors":"2026-05-20 19:00:00","field_event_doors_string":"19:00","field_event_ticket_link":"","field_event_origin_link":"https:\/\/www.sudpol.ch\/programm\/residenzsharing-elias-kurth-thriller-0","field_event_youtube_clip_id":null,"field_event_soundcloud_clip_id":null,"field_event_vimeo_clip_id":null,"field_event_price":"Eintritt frei","field_event_facebook_event_id":""},{"field_event_origin_id":"61916-0","changed":"2026-04-08 15:01:19","title":"Sommer im S\u00fcdpol: Cocon Javel","field_event_subtitle":"","field_event_image":"https:\/\/cms.sudpol.ch\/content\/uploads\/2026\/03\/Web_coconjavel.jpg","body":"COCON JAVEL mischen kraftvollen Electronic-Pop mit schonungsloser Pr\u00e4senz und zartbitterer Verspieltheit \u2013 ihren Sound beschreiben sie als \u201eCandy Roquefort\u201c \u2013 s\u00fcss wie Bonbons und scharf wie Blauschimmelk\u00e4se, eine Musik, die gleichermassen verf\u00fchrt und herausfordert. Die Deb\u00fct-EP Put All Your Money Into Therapy klingt wie ein Manifest, eine Aufforderung, die eigenen Narben und Spiegelbilder nicht l\u00e4nger zu verdr\u00e4ngen. Mit Songs, die von K\u00f6rperbildern, Angst und Sehnsucht sprechen, treffen sie mitten ins Herz und lassen das Publikum zugleich laut lachen und leise nicken.\u00a0\r\n&nbsp;\r\nLine up\r\njulie b. - voc, synth\r\nM\u00e9lusine Chappuis - keys, voc\r\nNeal Dill - drums\r\n&nbsp;\r\n\u00abSommer im S\u00fcdpol\u00bb \u00a0heisst das Sommerprogramm auf unserem Vorplatz unter freiem Himmel. Die Konzerte finden nur bei trockenem Wetter statt. Der Eintritt ist frei und es gibt eine Kollekte, die direkt an die Musiker*innen gehen. Kommt auf ein Getr\u00e4nk vorbei und lauscht dabei aktuellem Sound aus der Schweiz.\r\n&nbsp;\r\n\r\n&nbsp;","field_event_date":"06.08.2026","formatted_date_time":"2026-08-06 20:30:00","field_event_doors_datetime":"2026-08-06T20:30:00","field_event_doors":"20:30","formatted_event_doors":"2026-08-06 20:30:00","field_event_doors_string":"20:30","field_event_ticket_link":"","field_event_origin_link":"https:\/\/www.sudpol.ch\/programm\/sommer-im-sudpol-cocon-javel-0","field_event_youtube_clip_id":null,"field_event_soundcloud_clip_id":null,"field_event_vimeo_clip_id":null,"field_event_price":"Eintritt Frei \/ Kollekte","field_event_facebook_event_id":""},{"field_event_origin_id":"61911-0","changed":"2026-04-08 15:01:34","title":"Sommer im S\u00fcdpol: Gina \u00c9t\u00e9","field_event_subtitle":"","field_event_image":"https:\/\/cms.sudpol.ch\/content\/uploads\/2026\/03\/WEB_GINA-ETE_\u00a9niclasweber-6_LoveToWork.jpg","body":"Auf ihrem zweiten Album \u00abProsopagnosia\u00bb, welches im Februar auf Backseat ver\u00f6ffentlicht wird, setzt sich GINA \u00c9T\u00c9 mit Zuordnung, Wiedererkennung und Abgrenzung auseinander. Sie schreibt \u00fcber Mensch-Sein, K\u00f6rper-Sein und als-Frau-geboren-Sein, \u00fcber entstandene Verletzungen, wenn pers\u00f6nliche Grenzen und Identit\u00e4ten nicht wahrgenommen und falsche Zuordnungen gemacht werden.. Und sie stellt die Frage, ob Prosopagnosie eine Krankheit ist, oder vielleicht auch ein Geschenk?\r\n&nbsp;\r\nAuf \u00abProsopagnosia\u00bb steht jedoch GINA \u00c9T\u00c9 im Mittelpunkt: Diesmal hat sie intensiver denn je co-produziert, gemeinsam mit No\u00e9 Frankl\u00e9 und Wannes Salom\u00e9 (Luwten, Klangstof). Die Musikerin spielt auf ihrem Zweitwerk neben Viola auch Klavier, Synthesizer und Gitarre. Den Fokus hat sie auf edgy Beats, sph\u00e4rische, raumgreifende Streicher-Arrangements und Synths gelegt. Dank ihrer eigenen Handschrift gl\u00e4nzt das Album in vielen Facetten, gewisserma\u00dfen wie die Mimik eines Gesichts: mal subtil, mal expressiv, manchmal d\u00fcster, dann wieder zartsch\u00f6n.\r\n&nbsp;\r\n\u00abSommer im S\u00fcdpol\u00bb \u00a0heisst das Sommerprogramm auf unserem Vorplatz unter freiem Himmel. Die Konzerte finden nur bei trockenem Wetter statt. Der Eintritt ist frei und es gibt eine Kollekte, die direkt an die Musiker*innen gehen. Kommt auf ein Getr\u00e4nk vorbei und lauscht dabei aktuellem Sound aus der Schweiz.","field_event_date":"31.07.2026","formatted_date_time":"2026-07-31 20:30:00","field_event_doors_datetime":"2026-07-31T20:30:00","field_event_doors":"20:30","formatted_event_doors":"2026-07-31 20:30:00","field_event_doors_string":"20:30","field_event_ticket_link":"","field_event_origin_link":"https:\/\/www.sudpol.ch\/programm\/sommer-im-sudpol-gina-ete-0","field_event_youtube_clip_id":null,"field_event_soundcloud_clip_id":null,"field_event_vimeo_clip_id":null,"field_event_price":"Eintritt Frei \/ Kollekte","field_event_facebook_event_id":""},{"field_event_origin_id":"61886-0","changed":"2026-04-08 15:01:42","title":"Sommer im S\u00fcdpol: Deep Fried Galaxy","field_event_subtitle":"","field_event_image":"https:\/\/cms.sudpol.ch\/content\/uploads\/2026\/03\/WEB_Deep_Fried_Galaxy_2_by_Julia_Taras.jpg","body":"Deep Fried Galaxy machen Indie-Sound im 21. Jahrhundert. Bei Dinos galaktischen Synths, Johnnys frittierten Basslines und Lisas deepen Texten schlagen tr\u00e4umende Herzen h\u00f6her. Das Trio kehrt 2025 zur\u00fcck mit \u00abSolstice 1\u00bb, der ersten von zwei neuen EPs, mit Release-Datum im Juni 2025. Seit der Ver\u00f6ffentlichung ihrer Deb\u00fct EP \u00abGardens Of My Mind\u00bb 2022 haben sich Deep Fried Galaxy quer durch die Deutschschweiz und in die physischen und digitalen Sammlungen von Indie-Liebhaber:innen gespielt. 2023 wurde ihre Single \u00abVirgo\u00bb in der m4Music Demotape Clinic in der Selektion der Kategorie Pop vorgestellt.\u00a0\r\n&nbsp;\r\nF\u00fcr die neuen EPs haben die drei ihre gemeinsame Handschrift ge\u00fcbt und verfeinert; die oppulenten Arrangements verstecken keine Dramatik, Schlussbouquets und Breakdowns sind nicht wegzudenken, die Gitarren sind vertr\u00e4umt, die B\u00e4sse crisp, die Synths zentral, die Stimme voll von Gef\u00fchl. Deep Fried Galaxy konnten sich noch nie einem einzelnen Genre verschreiben, und so tasten auch die neuen Songs verschiedene musikalische Ecken und Nischen ab. Durch tiefes gegenseitiges Vertrauen und eine Offenheit f\u00fcr Alles schaffen es die drei, jede Referenz zu verarbeiten, zu der es sie gerade hinzieht; ob in Richtung Dream- und Synthpop, Shoegaze, Dark Electronic oder Trip-Hop. Was dabei konstant bleibt: Ein \u00e4sthetisches Feingef\u00fchl daf\u00fcr, einen Nerv zu treffen.\u00a0\r\n&nbsp;\r\n\u00abSommer im S\u00fcdpol\u00bb \u00a0heisst das Sommerprogramm auf unserem Vorplatz unter freiem Himmel. Die Konzerte finden nur bei trockenem Wetter statt. Der Eintritt ist frei und es gibt eine Kollekte, die direkt an die Musiker*innen gehen. Kommt auf ein Getr\u00e4nk vorbei und lauscht dabei aktuellem Sound aus der Schweiz.\r\n&nbsp;\r\n\r\n\r\n\r\n\r\n&nbsp;","field_event_date":"28.05.2026","formatted_date_time":"2026-05-28 20:30:00","field_event_doors_datetime":"2026-05-28T20:30:00","field_event_doors":"20:30","formatted_event_doors":"2026-05-28 20:30:00","field_event_doors_string":"20:30","field_event_ticket_link":"","field_event_origin_link":"https:\/\/www.sudpol.ch\/programm\/sommer-im-sudpol-deep-fried-galaxy-0","field_event_youtube_clip_id":null,"field_event_soundcloud_clip_id":null,"field_event_vimeo_clip_id":null,"field_event_price":"Eintritt Frei \/ Kollekte","field_event_facebook_event_id":""},{"field_event_origin_id":"61893-0","changed":"2026-04-08 15:01:52","title":"Sommer im S\u00fcdpol: David Koch","field_event_subtitle":"","field_event_image":"https:\/\/cms.sudpol.ch\/content\/uploads\/2026\/03\/web_David-Koch-I-by-Giulia-Spek.jpg","body":"\u00abDen ganz sch\u00f6n abgefuckten Zwilling des Pop\u00bb \u2013 den produziert der Multiinstrumentalist David Koch. Die einen kennen Koch als Produzenten seines eigenen Effektpedals \u00abThe Pill Pedal\u00bb. Andere wiederum haben sich mit ihm als sorgf\u00e4ltigen Musiker bekanntgemacht, der vor einem Jahr mit seinem Erstling \u00abDormant\u00bb sein Debut gab.\r\n&nbsp;\r\nBeim H\u00f6ren von \u00abDormant\u00bb \u00fcberkommt die Zuh\u00f6renden das Gef\u00fchl, mit den Fingerspitzen \u00fcber die texturierten Klangobjekte aus den Lautsprechern streichen zu k\u00f6nnen, wenn man wollte. Wer genau hinh\u00f6rt, erkennt gar die vielen feinen Splitter des Shoe-Gaze, Soul und allerlei Electronica. Die Hooks, die ausgefeilten Harmonien, die pr\u00e4zisen Kontrapunkte \u2013 all das ist da, serviert und umh\u00fcllt von einem sorgf\u00e4ltig ziseliertem Ger\u00e4usch.\r\nDie pr\u00e4zise gesiebte Musik von David Koch ist etwas f\u00fcr Feinschmecker:innen und Aktive. Sie l\u00f6st rostige Verankerungen, tr\u00e4gt Gel\u00f6ste hinaus auf weite, verlorene und fremde Felder \u2013 und nimmt dabei die n\u00f6tige Portion nahbarer Vertrautheit mit auf den Weg. Motoren an f\u00fcr eine Show auf der S\u00fcdpol Sommerb\u00fchne, deren Inhalt sich auf eigenwillige Art unter die eigene Haut gr\u00e4bt. Und gut tut.\r\n&nbsp;\r\n\u00abSommer im S\u00fcdpol\u00bb \u00a0heisst das Sommerprogramm auf unserem Vorplatz unter freiem Himmel. Die Konzerte finden nur bei trockenem Wetter statt. Der Eintritt ist frei und es gibt eine Kollekte, die direkt an die Musiker*innen gehen. Kommt auf ein Getr\u00e4nk vorbei und lauscht dabei aktuellem Sound aus der Schweiz.","field_event_date":"21.05.2026","formatted_date_time":"2026-05-21 20:30:00","field_event_doors_datetime":"2026-05-21T20:30:00","field_event_doors":"20:30","formatted_event_doors":"2026-05-21 20:30:00","field_event_doors_string":"20:30","field_event_ticket_link":"","field_event_origin_link":"https:\/\/www.sudpol.ch\/programm\/sommer-im-sudpol-david-koch-2-0","field_event_youtube_clip_id":null,"field_event_soundcloud_clip_id":null,"field_event_vimeo_clip_id":null,"field_event_price":"Eintritt Frei \/ Kollekte","field_event_facebook_event_id":""},{"field_event_origin_id":"61905-0","changed":"2026-04-08 15:01:59","title":"Sommer im S\u00fcdpol: Buvette-Quiz","field_event_subtitle":"","field_event_image":"https:\/\/cms.sudpol.ch\/content\/uploads\/2026\/03\/WEB_QUIZ.jpg","body":"Quiz Fans aufgepasst!\r\n&nbsp;\r\nAn diesem Freitagabend k\u00f6nnt ihr unter freiem Himmel um die Wette Quizzen. Quizmaster Adi bringt Fragen aus der wundersamen Welt seiner Rabbithole-Recherchen mit. Herrlich spezifisch und perfekt geniessbar mit einem eisgek\u00fchlten Getr\u00e4nk.\r\n&nbsp;\r\nAchtung: Zur Teilnahme ben\u00f6tigt ihr ein Smartphone mit Internetverbindung.\r\n&nbsp;\r\n\u00abSommer im S\u00fcdpol\u00bb \u00a0heisst das Sommerprogramm auf unserem Vorplatz unter freiem Himmel. Neben den allj\u00e4hrlich stattfindenden Konzerten, gibt es neu auch Formate zum mitmachen.","field_event_date":"10.07.2026","formatted_date_time":"2026-07-10 21:00:00","field_event_doors_datetime":"2026-07-10T21:00:00","field_event_doors":"21:00","formatted_event_doors":"2026-07-10 21:00:00","field_event_doors_string":"21:00","field_event_ticket_link":"","field_event_origin_link":"https:\/\/www.sudpol.ch\/programm\/sommer-im-sudpol-buvette-quiz-0","field_event_youtube_clip_id":null,"field_event_soundcloud_clip_id":null,"field_event_vimeo_clip_id":null,"field_event_price":"Eintritt Frei","field_event_facebook_event_id":""},{"field_event_origin_id":"61975-0","changed":"2026-03-30 15:36:54","title":"DAS TANZFEST LUZERN 2026: Tanz-Workshops","field_event_subtitle":"","field_event_image":"https:\/\/cms.sudpol.ch\/content\/uploads\/2025\/04\/1_Sudpol-dance-2000x1130.jpg","body":"TANZT, TANZT SONST SIND WIR VERLOREN!\r\n&nbsp;\r\nInspiriert von Pina Bauschs Zitat finden am Tanzfestsonntag im S\u00fcdpol Luzern verschiedene Workshops statt und zwar f\u00fcr alle Neugierigen, die gerne selbst das Tanzbein schwingen m\u00f6chten. Sie wollen in einen neuen Tanzstil reinschnuppern oder wissen gar nicht, ob sie \u00fcberhaupt tanzen k\u00f6nnen?\r\n&nbsp;\r\n13:30 \u2013 14:30 Gaga\/people\r\n15:00 \u2013 16:30 Wittha Choreo Workshop-Urban Dance\r\n15:15 \u2013 16:15 konTAKT-Tanzen mit neurologischen Herausforderungen\r\n&nbsp;","field_event_date":"10.05.2026","formatted_date_time":"2026-05-10 13:00:00","field_event_doors_datetime":"2026-05-10T13:00:00","field_event_doors":"13:00","formatted_event_doors":"2026-05-10 13:00:00","field_event_doors_string":"13:00","field_event_ticket_link":"https:\/\/dastanzfest.ch\/luzern\/tickets\/","field_event_origin_link":"https:\/\/www.sudpol.ch\/programm\/das-tanzfest-luzern-2026-tanz-workshops-0","field_event_youtube_clip_id":null,"field_event_soundcloud_clip_id":null,"field_event_vimeo_clip_id":null,"field_event_price":"CHF 25 | CHF 15","field_event_facebook_event_id":""},{"field_event_origin_id":"61972-0","changed":"2026-03-30 15:50:41","title":"DAS TANZFEST LUZERN 2026: Cie 7273: Dead Horse in a Bathtub","field_event_subtitle":"","field_event_image":"https:\/\/cms.sudpol.ch\/content\/uploads\/2026\/03\/dead_horse_web.jpg","body":"In dieser ungew\u00f6hnlichen Western-Geschichte der Cie 7273 begibt sich der Choreograf Nicolas Cantillon auf die Spur der eigenen Kindheit und seiner Helden. Zwischen poetischen Bildern und live geloopter Gitarrenmusik entsteht eine t\u00e4nzerische Hommage an den Westernfilm und an seine unsterbliche Ikone: den Cowboy. Zwischen \u00abgetanztem Konzert\u00bb und Erz\u00e4hltheater entf\u00fchrt dieses Solo das Publikum auf eine Reise in die eigene Kindheit. Statt staubiger Duelle zeigt das St\u00fcck den Western mit feinem Witz und einem Augenzwinkern \u2013 als Ort des Spiels, der Tr\u00e4ume und der Z\u00e4rtlichkeit. In unsicheren Zeiten l\u00e4dt uns dieser Cowboy ein, das Staunen neu zu entdecken.\r\n&nbsp;\r\nMehr Infos dazu hier.\r\n&nbsp;\r\nBei schlechtem Wetter findet die Veranstaltung im Club statt.","field_event_date":"07.05.2026","formatted_date_time":"2026-05-07 21:00:00","field_event_doors_datetime":"2026-05-07T21:00:00","field_event_doors":"21:00","formatted_event_doors":"2026-05-07 21:00:00","field_event_doors_string":"21:00","field_event_ticket_link":"","field_event_origin_link":"https:\/\/www.sudpol.ch\/programm\/das-tanzfest-luzern-2026-cie-7273-dead-horse-in-a-bathtub-0","field_event_youtube_clip_id":null,"field_event_soundcloud_clip_id":null,"field_event_vimeo_clip_id":null,"field_event_price":"Eintritt frei","field_event_facebook_event_id":""},{"field_event_origin_id":"61968-0","changed":"2026-03-30 15:34:16","title":"DAS TANZFEST LUZERN 2026: LOKALE B\u00dcHNE","field_event_subtitle":"","field_event_image":"https:\/\/cms.sudpol.ch\/content\/uploads\/2026\/03\/lokale_buhne_web.jpg","body":"Kurztanzst\u00fccke der professionellen Zentralschweizer Tanzszene!\r\n&nbsp;\r\nDie \u00abLokale B\u00fchne\u00bb l\u00e4dt das Publikum zu einer vielseitigen Entdeckungsreise durch das aktuelle Tanzschaffen der Zentralschweiz ein. An einem Abend erwartet Sie eine abwechslungsreiche Auswahl an kurzen St\u00fccken \u2013 einige bereits ausgearbeitet, andere als spannende Try-outs, die Einblick in kreative Prozesse geben.\r\nDie pr\u00e4sentierten Arbeiten bewegen sich zwischen Humor und Ernsthaftigkeit, zwischen Intimit\u00e4t und Gesellschaftskritik: von poetischen Soli \u00fcber Identit\u00e4t, Erinnerung und K\u00f6rperlichkeit bis hin zu kraftvollen Gruppenst\u00fccken, die sich mit Themen wie Alltag, Leistungsdruck, Technologie oder zwischenmenschlichen Beziehungen auseinandersetzen.\r\nFreuen Sie sich auf einen abwechslungsreichen Abend voller \u00fcberraschender, ber\u00fchrender und inspirierender Momente. Jedes St\u00fcck er\u00f6ffnet eine eigene Welt und l\u00e4dt dazu ein, neue Perspektiven zu entdecken \u2013 lassen Sie sich mitnehmen auf eine vielseitige Reise durch das Tanzschaffen der Zentralschweiz!\r\n&nbsp;\r\nMehr Informationen dazu hier.","field_event_date":"07.05.2026","formatted_date_time":"2026-05-07 19:00:00","field_event_doors_datetime":"2026-05-07T19:00:00","field_event_doors":"19:00","formatted_event_doors":"2026-05-07 19:00:00","field_event_doors_string":"19:00","field_event_ticket_link":"https:\/\/dastanzfest.ch\/luzern\/tickets\/","field_event_origin_link":"https:\/\/www.sudpol.ch\/programm\/das-tanzfest-luzern-2026-lokale-buhne-0","field_event_youtube_clip_id":null,"field_event_soundcloud_clip_id":null,"field_event_vimeo_clip_id":null,"field_event_price":"CHF 25 | CHF 15","field_event_facebook_event_id":""},{"field_event_origin_id":"61958-0","changed":"2026-03-31 13:51:17","title":"DAS TANZFEST LUZERN 2026: Local Choreo-Lab","field_event_subtitle":"","field_event_image":"https:\/\/cms.sudpol.ch\/content\/uploads\/2026\/03\/local_choreo_lab.jpg","body":"Nach dem grossen Erfolg im vergangenen Jahr wird das \u00abLocal Choreo-Lab\u00bb auch 2026 im Rahmen von DAS TANZFEST LUZERN wieder aufgenommen und in einer neuen Choreografie vor Publikum aufgef\u00fchrt.\r\n&nbsp;\r\nDer international renommierte Choreograf Luca Signoretti entwickelt gemeinsam mit dem vielseitigen T\u00e4nzer und Choreografen Wittha Tonja einneues einzigartiges B\u00fchnenwerk. Getanzt von professionellen T\u00e4nzerinnen sowie ausgew\u00e4hlten T\u00e4nzerinnen lokaler Tanzschulen bildet es das Herz des Abends.\r\n&nbsp;\r\nZwischen den in Sequenzen angelegten Teilen dieses B\u00fchnenwerks werden eigenst\u00e4ndige Choreografien der lokalen Tanzschulen als individuelle Impulse innerhalb eines gemeinsamen Rhythmus eingewoben.\r\n&nbsp;\r\nUrban Dance und Contemporary Dance treffen aufeinander, fordern sich heraus und verschmelzen. Energie wird weitergegeben, aufgenommen, neu geformt. Was entsteht, ist kein Gegensatz der Stile, sondern ein Kreislauf der Bewegung, ein st\u00e4ndiger Wandel zwischen Zentrum und Gemeinschaft.\r\n&nbsp;\r\nEin Abend voller Intensit\u00e4t, Begegnung und lebendiger Transformation.\r\n&nbsp;\r\nMit dabei sind:\r\nBallett Akademie Luzern\r\nBallettStadt\r\nMusical Factory\r\ntanZdas\r\nTanzhaus Luzern\r\nFTC Crew by TNT Lucerne\r\n&nbsp;\r\n\r\n&nbsp;\r\nMehr Infos zur Veranstaltung gibt's hier.","field_event_date":"06.05.2026","formatted_date_time":"2026-05-06 19:30:00","field_event_doors_datetime":"2026-05-06T19:30:00","field_event_doors":"19:30","formatted_event_doors":"2026-05-06 19:30:00","field_event_doors_string":"19:30","field_event_ticket_link":"https:\/\/dastanzfest.ch\/luzern\/tickets\/","field_event_origin_link":"https:\/\/www.sudpol.ch\/programm\/das-tanzfest-luzern-2026-local-choreo-lab-0","field_event_youtube_clip_id":null,"field_event_soundcloud_clip_id":null,"field_event_vimeo_clip_id":null,"field_event_price":"CHF 25 | CHF 15","field_event_facebook_event_id":""},{"field_event_origin_id":"61948-0","changed":"2026-04-08 15:02:15","title":"Sommer im S\u00fcdpol: Zirkus NotreDuo","field_event_subtitle":"","field_event_image":"https:\/\/cms.sudpol.ch\/content\/uploads\/2026\/03\/zirkus_web.jpg","body":"\u00abThe Truth\u2026?\u00bb ist ein akrobatisches Zirkusst\u00fcck \u00fcber Ordnung, Zufall und die Suche nach dem, was wir Wahrheit nennen. Zwei Figuren die unterschiedlicher nicht sein k\u00f6nnten, begegnen sich auf einer halbfertigen B\u00fchne. Der eine plant, kontrolliert, versucht Struktur zu schaffen; der andere folgt Impulsen, stolpert, bringt alles durcheinander. Zwischen ihnen entspinnt sich ein wortloses Spiel aus Humor, Akrobatik und Chaos: Diabolos wirbeln, ein Stuhl schwebt gef\u00e4hrlich in der Luft, eine Gitarre erklingt durch eine Bohrmaschine. Aus Konflikt entsteht Balance, aus St\u00f6rung entsteht Neues. Ein einfaches Blatt Papier wird zum Symbol dieses Prozesses. Aus Linien wird Bedeutung, aus Zufall entsteht Form. \u00abThe Truth\u2026?\u00bb fragt nicht nach der einen Wahrheit, sondern l\u00e4dt ein, sie als etwas Bewegliches zu begreifen: als Moment zwischen Kontrolle und Loslassen, Plan und Zufall, Struktur und Spiel. Ein poetischer, k\u00f6rperlicher Ausdruck \u00fcber das Schaffen, Scheitern und Staunen.\r\n&nbsp;\r\nKURZ GESAGT\r\nZwei sehr unterschiedliche Figuren geraten mit Akrobatik, Musik und viel Bewegung in ein spielerisches Durcheinander zwischen Ordnung und Chaos. Das Publikum erlebt eine Mischung aus Zirkus, Theater und Humor. Der Abend eignet sich besonders f\u00fcr alle, die neugierig sind und Lust auf etwas Ungew\u00f6hnliches haben \u2013 ganz ohne Vorwissen und in entspannter Atmosph\u00e4re unter freiem Himmel.\r\n&nbsp;\r\n\r\n&nbsp;","field_event_date":"06.06.2026","formatted_date_time":"2026-06-06 19:30:00","field_event_doors_datetime":"2026-06-06T19:30:00","field_event_doors":"19:30","formatted_event_doors":"2026-06-06 19:30:00","field_event_doors_string":"19:30","field_event_ticket_link":"","field_event_origin_link":"https:\/\/www.sudpol.ch\/programm\/sommer-im-sudpol-zirkus-notreduo-2-0","field_event_youtube_clip_id":null,"field_event_soundcloud_clip_id":null,"field_event_vimeo_clip_id":null,"field_event_price":"Eintritt frei | Kollekte","field_event_facebook_event_id":""},{"field_event_origin_id":"61948-1","changed":"2026-04-08 15:02:15","title":"Sommer im S\u00fcdpol: Zirkus NotreDuo","field_event_subtitle":"","field_event_image":"https:\/\/cms.sudpol.ch\/content\/uploads\/2026\/03\/zirkus_web.jpg","body":"\u00abThe Truth\u2026?\u00bb ist ein akrobatisches Zirkusst\u00fcck \u00fcber Ordnung, Zufall und die Suche nach dem, was wir Wahrheit nennen. Zwei Figuren die unterschiedlicher nicht sein k\u00f6nnten, begegnen sich auf einer halbfertigen B\u00fchne. Der eine plant, kontrolliert, versucht Struktur zu schaffen; der andere folgt Impulsen, stolpert, bringt alles durcheinander. Zwischen ihnen entspinnt sich ein wortloses Spiel aus Humor, Akrobatik und Chaos: Diabolos wirbeln, ein Stuhl schwebt gef\u00e4hrlich in der Luft, eine Gitarre erklingt durch eine Bohrmaschine. Aus Konflikt entsteht Balance, aus St\u00f6rung entsteht Neues. Ein einfaches Blatt Papier wird zum Symbol dieses Prozesses. Aus Linien wird Bedeutung, aus Zufall entsteht Form. \u00abThe Truth\u2026?\u00bb fragt nicht nach der einen Wahrheit, sondern l\u00e4dt ein, sie als etwas Bewegliches zu begreifen: als Moment zwischen Kontrolle und Loslassen, Plan und Zufall, Struktur und Spiel. Ein poetischer, k\u00f6rperlicher Ausdruck \u00fcber das Schaffen, Scheitern und Staunen.\r\n&nbsp;\r\nKURZ GESAGT\r\nZwei sehr unterschiedliche Figuren geraten mit Akrobatik, Musik und viel Bewegung in ein spielerisches Durcheinander zwischen Ordnung und Chaos. Das Publikum erlebt eine Mischung aus Zirkus, Theater und Humor. Der Abend eignet sich besonders f\u00fcr alle, die neugierig sind und Lust auf etwas Ungew\u00f6hnliches haben \u2013 ganz ohne Vorwissen und in entspannter Atmosph\u00e4re unter freiem Himmel.\r\n&nbsp;\r\n\r\n&nbsp;","field_event_date":"07.06.2026","formatted_date_time":"2026-06-07 16:00:00","field_event_doors_datetime":"2026-06-07T16:00:00","field_event_doors":"16:00","formatted_event_doors":"2026-06-07 16:00:00","field_event_doors_string":"16:00","field_event_ticket_link":"","field_event_origin_link":"https:\/\/www.sudpol.ch\/programm\/sommer-im-sudpol-zirkus-notreduo-2-1","field_event_youtube_clip_id":null,"field_event_soundcloud_clip_id":null,"field_event_vimeo_clip_id":null,"field_event_price":"Eintritt frei | Kollekte","field_event_facebook_event_id":""},{"field_event_origin_id":"61926-0","changed":"2026-03-31 12:41:24","title":"W\u00c6XE: OBSOLESCENCE","field_event_subtitle":"","field_event_image":"https:\/\/cms.sudpol.ch\/content\/uploads\/2026\/03\/waexe_web.jpg","body":"In dieser Performance wird das Thema der planm\u00e4ssigen Obsoleszenz anhand des K\u00f6rpers und seines Wertverlusts in einer von Leistung und Erneuerung besessenen Gesellschaft thematisiert: Drei T\u00e4nzer*innen unterschiedlichen Alters teilen sich die B\u00fchne, und ihre K\u00f6rper erz\u00e4hlen von unvermeidlicher Verwandlung und der m\u00f6glichen Erinnerung an gestische Ausdrucksformen. Gemeinsam verflechten ihre Bewegungen eine fragmentierte Erz\u00e4hlung, in der das Intime auf das Kollektive trifft und Sch\u00f6nheit aus der Spannung zwischen dem Verg\u00e4nglichen, dem Best\u00e4ndigen und dem Weitergereichten entsteht.\r\n&nbsp;\r\nDas B\u00fchnenbild besteht aus einer audiovisuellen Umgebung, die auf Bewegung reagiert: Jede Geste hallt in einer Welt wider, die vom Rhythmus der Zyklen, von Str\u00f6mungen und st\u00e4ndigen Erneuerungen gepr\u00e4gt ist. Technologie wird zur Spielpartnerin, zum Spiegel, zum Gegenpol \u2013 und offenbart unsichtbare Beziehungen zwischen Mensch und Maschine. Dies ist eine zutiefst humane Geschichte: die unendliche F\u00e4higkeit des Lebendigen, sich neu zu erfinden. Und sich an das anzupassen, was es selbst erschafft.\r\n&nbsp;\r\nKURZ GESAGT\r\nDrei T\u00e4nzerinnen \u2013 eine junge, eine mittleren Alters und eine \u00e4ltere \u2013 tanzen gemeinsam in einer audiovisuellen Umgebung, die auf ihre Bewegungen reagiert. Es gibt keine einfachen Antworten: nur K\u00f6rper, Sch\u00f6nheit und jene Art von Authentizit\u00e4t, von der man den Blick kaum abwenden kann. Wenn du jemals den Druck versp\u00fcrt hast, mithalten zu m\u00fcssen oder relevant zu bleiben, oder dich gefragt hast, was passiert, wenn du der Vorstellung der Gesellschaft von N\u00fctzlichkeit nicht mehr entsprichst \u2013 dann ist diese Performance genau das Richtige f\u00fcr dich.\r\n&nbsp;\r\nAm 29. Mai findet im Anschluss an die Vorstellung ein Nachgespr\u00e4ch mit dem Produktionsteam statt.\r\n&nbsp;\r\nSENSORISCHE REIZE: Stroboskoplicht, Nebelmaschine, laute Musik","field_event_date":"28.05.2026","formatted_date_time":"2026-05-28 20:00:00","field_event_doors_datetime":"2026-05-28T20:00:00","field_event_doors":"20:00","formatted_event_doors":"2026-05-28 20:00:00","field_event_doors_string":"20:00","field_event_ticket_link":"https:\/\/www.ticketmaster.ch\/artist\/sudpol-darstellende-kunste-tickets\/1190724","field_event_origin_link":"https:\/\/www.sudpol.ch\/programm\/waexe-obsolescence-0","field_event_youtube_clip_id":null,"field_event_soundcloud_clip_id":null,"field_event_vimeo_clip_id":null,"field_event_price":"CHF 25 | CHF 15 (Mini) | CHF 35 (Soli)","field_event_facebook_event_id":""},{"field_event_origin_id":"61926-1","changed":"2026-03-31 12:41:24","title":"W\u00c6XE: OBSOLESCENCE","field_event_subtitle":"","field_event_image":"https:\/\/cms.sudpol.ch\/content\/uploads\/2026\/03\/waexe_web.jpg","body":"In dieser Performance wird das Thema der planm\u00e4ssigen Obsoleszenz anhand des K\u00f6rpers und seines Wertverlusts in einer von Leistung und Erneuerung besessenen Gesellschaft thematisiert: Drei T\u00e4nzer*innen unterschiedlichen Alters teilen sich die B\u00fchne, und ihre K\u00f6rper erz\u00e4hlen von unvermeidlicher Verwandlung und der m\u00f6glichen Erinnerung an gestische Ausdrucksformen. Gemeinsam verflechten ihre Bewegungen eine fragmentierte Erz\u00e4hlung, in der das Intime auf das Kollektive trifft und Sch\u00f6nheit aus der Spannung zwischen dem Verg\u00e4nglichen, dem Best\u00e4ndigen und dem Weitergereichten entsteht.\r\n&nbsp;\r\nDas B\u00fchnenbild besteht aus einer audiovisuellen Umgebung, die auf Bewegung reagiert: Jede Geste hallt in einer Welt wider, die vom Rhythmus der Zyklen, von Str\u00f6mungen und st\u00e4ndigen Erneuerungen gepr\u00e4gt ist. Technologie wird zur Spielpartnerin, zum Spiegel, zum Gegenpol \u2013 und offenbart unsichtbare Beziehungen zwischen Mensch und Maschine. Dies ist eine zutiefst humane Geschichte: die unendliche F\u00e4higkeit des Lebendigen, sich neu zu erfinden. Und sich an das anzupassen, was es selbst erschafft.\r\n&nbsp;\r\nKURZ GESAGT\r\nDrei T\u00e4nzerinnen \u2013 eine junge, eine mittleren Alters und eine \u00e4ltere \u2013 tanzen gemeinsam in einer audiovisuellen Umgebung, die auf ihre Bewegungen reagiert. Es gibt keine einfachen Antworten: nur K\u00f6rper, Sch\u00f6nheit und jene Art von Authentizit\u00e4t, von der man den Blick kaum abwenden kann. Wenn du jemals den Druck versp\u00fcrt hast, mithalten zu m\u00fcssen oder relevant zu bleiben, oder dich gefragt hast, was passiert, wenn du der Vorstellung der Gesellschaft von N\u00fctzlichkeit nicht mehr entsprichst \u2013 dann ist diese Performance genau das Richtige f\u00fcr dich.\r\n&nbsp;\r\nAm 29. Mai findet im Anschluss an die Vorstellung ein Nachgespr\u00e4ch mit dem Produktionsteam statt.\r\n&nbsp;\r\nSENSORISCHE REIZE: Stroboskoplicht, Nebelmaschine, laute Musik","field_event_date":"29.05.2026","formatted_date_time":"2026-05-29 20:00:00","field_event_doors_datetime":"2026-05-29T20:00:00","field_event_doors":"20:00","formatted_event_doors":"2026-05-29 20:00:00","field_event_doors_string":"20:00","field_event_ticket_link":"https:\/\/www.ticketmaster.ch\/artist\/sudpol-darstellende-kunste-tickets\/1190724","field_event_origin_link":"https:\/\/www.sudpol.ch\/programm\/waexe-obsolescence-1","field_event_youtube_clip_id":null,"field_event_soundcloud_clip_id":null,"field_event_vimeo_clip_id":null,"field_event_price":"CHF 25 | CHF 15 (Mini) | CHF 35 (Soli)","field_event_facebook_event_id":""},{"field_event_origin_id":"61926-2","changed":"2026-03-31 12:41:24","title":"W\u00c6XE: OBSOLESCENCE","field_event_subtitle":"","field_event_image":"https:\/\/cms.sudpol.ch\/content\/uploads\/2026\/03\/waexe_web.jpg","body":"In dieser Performance wird das Thema der planm\u00e4ssigen Obsoleszenz anhand des K\u00f6rpers und seines Wertverlusts in einer von Leistung und Erneuerung besessenen Gesellschaft thematisiert: Drei T\u00e4nzer*innen unterschiedlichen Alters teilen sich die B\u00fchne, und ihre K\u00f6rper erz\u00e4hlen von unvermeidlicher Verwandlung und der m\u00f6glichen Erinnerung an gestische Ausdrucksformen. Gemeinsam verflechten ihre Bewegungen eine fragmentierte Erz\u00e4hlung, in der das Intime auf das Kollektive trifft und Sch\u00f6nheit aus der Spannung zwischen dem Verg\u00e4nglichen, dem Best\u00e4ndigen und dem Weitergereichten entsteht.\r\n&nbsp;\r\nDas B\u00fchnenbild besteht aus einer audiovisuellen Umgebung, die auf Bewegung reagiert: Jede Geste hallt in einer Welt wider, die vom Rhythmus der Zyklen, von Str\u00f6mungen und st\u00e4ndigen Erneuerungen gepr\u00e4gt ist. Technologie wird zur Spielpartnerin, zum Spiegel, zum Gegenpol \u2013 und offenbart unsichtbare Beziehungen zwischen Mensch und Maschine. Dies ist eine zutiefst humane Geschichte: die unendliche F\u00e4higkeit des Lebendigen, sich neu zu erfinden. Und sich an das anzupassen, was es selbst erschafft.\r\n&nbsp;\r\nKURZ GESAGT\r\nDrei T\u00e4nzerinnen \u2013 eine junge, eine mittleren Alters und eine \u00e4ltere \u2013 tanzen gemeinsam in einer audiovisuellen Umgebung, die auf ihre Bewegungen reagiert. Es gibt keine einfachen Antworten: nur K\u00f6rper, Sch\u00f6nheit und jene Art von Authentizit\u00e4t, von der man den Blick kaum abwenden kann. Wenn du jemals den Druck versp\u00fcrt hast, mithalten zu m\u00fcssen oder relevant zu bleiben, oder dich gefragt hast, was passiert, wenn du der Vorstellung der Gesellschaft von N\u00fctzlichkeit nicht mehr entsprichst \u2013 dann ist diese Performance genau das Richtige f\u00fcr dich.\r\n&nbsp;\r\nAm 29. Mai findet im Anschluss an die Vorstellung ein Nachgespr\u00e4ch mit dem Produktionsteam statt.\r\n&nbsp;\r\nSENSORISCHE REIZE: Stroboskoplicht, Nebelmaschine, laute Musik","field_event_date":"30.05.2026","formatted_date_time":"2026-05-30 20:00:00","field_event_doors_datetime":"2026-05-30T20:00:00","field_event_doors":"20:00","formatted_event_doors":"2026-05-30 20:00:00","field_event_doors_string":"20:00","field_event_ticket_link":"https:\/\/www.ticketmaster.ch\/artist\/sudpol-darstellende-kunste-tickets\/1190724","field_event_origin_link":"https:\/\/www.sudpol.ch\/programm\/waexe-obsolescence-2","field_event_youtube_clip_id":null,"field_event_soundcloud_clip_id":null,"field_event_vimeo_clip_id":null,"field_event_price":"CHF 25 | CHF 15 (Mini) | CHF 35 (Soli)","field_event_facebook_event_id":""},{"field_event_origin_id":"61881-0","changed":"2026-04-26 14:38:08","title":"Queer in Luzern","field_event_subtitle":"","field_event_image":"https:\/\/cms.sudpol.ch\/content\/uploads\/2026\/03\/WEB_Queer_inLuzern.jpg","body":"Luzern ist\u00a0nicht gerade bekannt f\u00fcr sein reiches Angebot an queeren Bars, Clubs und sonstigen Treffpunkten - das ist der allgemeine Eindruck auf den ersten Blick.\r\n&nbsp;\r\nDoch wenn man genau hinsieht, offenbart sich eine breite Palette an Vereinen, Aktivist*innen und K\u00fcnstler*innen, die sich f\u00fcr Sichtbarkeit und Vernetzung stark machen. Und genau die werden sich am 23. Mai auf dem Podium in der Shedhalle pr\u00e4sentieren und ihre Arbeit jeweils vorstellen. Danach gibt es nat\u00fcrlich wie immer eine Party im Club mit Show um Mitternacht!\r\n&nbsp;\r\nEs lohnt sich, Babes!\r\n&nbsp;\r\n18:30 Einlass, St\u00e4nde und Checkpoint Tests\r\n19:30 Podium \u00abQueer in Luzern\u00bb\r\n20:30 Vernetzungsap\u00e9ro in der Shedhalle\r\n22:00 Party im Club mit Show um Mitternacht\r\n03:00 Schluss\r\n&nbsp;\r\nPodiumsteilnehmer*innen:\r\nAnskar Roth (Stadt Luzern), Sol Jarkovich (Portbar), Dominic Studer (Checkpoint), Max Faatz (Queer Space), Manuel Bamert (Pinkpanorama), Meinrad Furrer (Peterskapelle), Pascal Graber (Milchjugend), Julia Rotner (Queer Unity Luzern), Yvonne H\u00fcrlimann (PZS)\r\nCheckpoint Luzern:\r\nAb 19.00 bis 22.30h bietet Checkpoint Luzern kostenlose Tests auf HIV und Syphilis an. Mehr Infos zu Checkpoint:\r\nwww.mycheckpoint.ch\/de\/standorte\/luzern\u00a0\r\nDJs:\r\nDJ Charles Meyer &amp; Rachel Harder","field_event_date":"23.05.2026","formatted_date_time":"2026-05-23 18:30:00","field_event_doors_datetime":"2026-05-23T18:30:00","field_event_doors":"18:30","formatted_event_doors":"2026-05-23 18:30:00","field_event_doors_string":"18:30","field_event_ticket_link":"https:\/\/www.ticketmaster.ch\/event\/1717035524","field_event_origin_link":"https:\/\/www.sudpol.ch\/programm\/queer-in-luzern-0","field_event_youtube_clip_id":null,"field_event_soundcloud_clip_id":null,"field_event_vimeo_clip_id":null,"field_event_price":"VVK: CHF 25 | AK: CHF 28","field_event_facebook_event_id":""},{"field_event_origin_id":"61871-0","changed":"2026-04-07 08:46:41","title":"Nicky B Fly - Wo chumi her Tour","field_event_subtitle":"","field_event_image":"https:\/\/cms.sudpol.ch\/content\/uploads\/2026\/03\/nicky_web.jpg","body":"Mit Wurzeln in der kongolesischen Hafenstadt Kinshasa und ihrer Heimat Zurich versteht sich die K\u00fcnstlerin und alleinerziehende Mutter eines Sohnes Nicky B Fly als Kulturhybrid mit Zeitgeist, in deren Brust zwei Herzen im gleichen Beat schlagen. Das Energieb\u00fcndel mischt Schweizerdeutsch, Franz\u00f6sisch, Englisch und Lingala in ihren Songtexten und kreiert so einen einzigartigen Musikstyle, den sie bei Liveauftritten mit Band und T\u00e4nzerinnen zu performen weiss.\r\n\r\n\r\nNun spielt sie im Rahmen ihrer \"Wo chumi her\"-Tour bei uns im Club. Unbedingt VVK nutzen.\r\n\r\n\r\n\r\n\r\n&nbsp;","field_event_date":"20.11.2026","formatted_date_time":"2026-11-20 21:00:00","field_event_doors_datetime":"2026-11-20T21:00:00","field_event_doors":"21:00","formatted_event_doors":"2026-11-20 21:00:00","field_event_doors_string":"21:00","field_event_ticket_link":"https:\/\/www.ticketmaster.ch\/event\/188659044","field_event_origin_link":"https:\/\/www.sudpol.ch\/programm\/nicky-b-fly-0","field_event_youtube_clip_id":null,"field_event_soundcloud_clip_id":null,"field_event_vimeo_clip_id":null,"field_event_price":"VVK: CHF 25 | AK: CHF 28","field_event_facebook_event_id":""},{"field_event_origin_id":"61843-0","changed":"2026-04-20 12:32:13","title":"oneHSLU Fest 2026","field_event_subtitle":"","field_event_image":"https:\/\/cms.sudpol.ch\/content\/uploads\/2026\/03\/WEB_OneHslu.jpg","body":"Es ist wieder soweit! Das OneHSLU Fest steht vor der T\u00fcr und verspricht ein Fest voller unvergesslicher Momente, coolem Austausch und ausgelassener Stimmung. Mit einem vielf\u00e4ltig besetzten Line-Up und einem umfangreichen Programm f\u00fcr Tag und Nacht ist bestimmt f\u00fcr alle etwas dabei.\r\n&nbsp;\r\nFreu dich auf die gr\u00f6sste HSLU-Studentenparty des Jahres mit Bierpongturnier, Jam-Session, Kreativtisch\u00a0und zwei Floors.\r\n&nbsp;\r\nProgramm-Highlights:\r\n\u2013 Kreativtisch &amp; Food ab 18:00\r\n\u2013 Bierpongturnier (Start 19:00, Anmeldung hier)\r\n\u2013 Jam-Session mit Live-Musik\r\n\u2013 2000s Hits Floor ab 22:00\r\n\u2013 Techno Floor ab 23:00\r\n&nbsp;\r\nLine-up:\r\nAlex Clyde, Fr3ck3r &amp; Ravez, Kyrox &amp; Lux, Simon Miles und Yoyo","field_event_date":"09.05.2026","formatted_date_time":"2026-05-09 18:00:00","field_event_doors_datetime":"2026-05-09T18:00:00","field_event_doors":"18:00","formatted_event_doors":"2026-05-09 18:00:00","field_event_doors_string":"18:00","field_event_ticket_link":"https:\/\/www.ticketmaster.ch\/event\/644563661","field_event_origin_link":"https:\/\/www.sudpol.ch\/programm\/onehslu-fest-2026-0","field_event_youtube_clip_id":null,"field_event_soundcloud_clip_id":null,"field_event_vimeo_clip_id":null,"field_event_price":"Normal: CHF 9 | AK: CHF 12","field_event_facebook_event_id":""},{"field_event_origin_id":"61820-0","changed":"2026-03-24 08:46:38","title":"Residenzkonzert: DAS SCHREI NICHT SO ORKESTRA","field_event_subtitle":"","field_event_image":"https:\/\/cms.sudpol.ch\/content\/uploads\/2026\/03\/schreinichtso_web.jpg","body":"Ein H\u00e4mmern in der Dunkelheit. Zum Bersten gef\u00fcllte Herzen und ausgewundene Lungen. Es ist Mein Leib, Dein Leib und alle Leiber, ganz nah, ganz zart, bis es wieder leichter wird. Nur zu und immer zu, die sch\u00f6nsten Schreie klingen im Chor der Zeit. Albrecht hat die Hunde nicht an die Leine genommen.\r\n&nbsp;\r\nJonas Albrecht findet die Quelle seiner inneren Heilung in der k\u00f6rperlichen Ersch\u00f6pfung. Auf diesem Prozess gr\u00fcndet sein Debut Solo Album SCHREI MICH NICHT SO AN ICH BIN IN TRANCE BABY (Irascible, 2024), welches w\u00e4hrend der Release Tournee neu vertont wird. Im Ringen mit der Endlichkeit vibrieren nun nicht mehr nur die Trommeln, es dr\u00f6hnt ein ganzes Arsenal an H\u00f6rnern und R\u00f6hren, die Pulse wachsen zu W\u00e4nden, ein Bordunbett im Nichts der Wiederholungen.\r\n&nbsp;\r\nDAS SCHREI NICHT SO ORKESTRA ist eine fluide Formation, welche die Musik von und mit Jonas Albrecht live zelebriert, erweitert, verzerrt, verdichtet und transzendiert und dabei Konzepte wie Ritus, Zirkularit\u00e4t, K\u00f6rpergrenzen oder Rave kollektiv auslebt.\r\n&nbsp;\r\nJonas Albrecht, drums\r\nIlayda Zeyrek, dj deck\r\nNikola Jan Gross, sax\r\nCarlo Br\u00fclhart, sax\r\nDanis Kobilic, sax\r\nFabian M\u00f6sch, clarinet\r\nMiao Zhao, bass clarinet\r\nLena Brechb\u00fchl, sound\r\n&nbsp;","field_event_date":"05.06.2026","formatted_date_time":"2026-06-05 21:00:00","field_event_doors_datetime":"2026-06-05T21:00:00","field_event_doors":"21:00","formatted_event_doors":"2026-06-05 21:00:00","field_event_doors_string":"21:00","field_event_ticket_link":"https:\/\/www.ticketmaster.ch\/event\/1618952895","field_event_origin_link":"https:\/\/www.sudpol.ch\/programm\/residenzkonzert-das-schrei-nicht-so-orkestra-0","field_event_youtube_clip_id":null,"field_event_soundcloud_clip_id":null,"field_event_vimeo_clip_id":null,"field_event_price":"VVK: CHF 25 | AK: CHF 28","field_event_facebook_event_id":""},{"field_event_origin_id":"61812-0","changed":"2026-03-19 08:48:52","title":"Harmoniemusik Kriens: Night Session","field_event_subtitle":"","field_event_image":"https:\/\/cms.sudpol.ch\/content\/uploads\/2026\/03\/HAMU_web.jpg","body":"Im S\u00fcdpol wird die Night Session zu einem Abend voller Energie, Musik und Show. Die Harmoniemusik Kriens pr\u00e4sentiert ihr aktuelles Programm f\u00fcr das Eidgen\u00f6ssisches Musikfest 2026, mit dem sie am 17. Mai 2026 in Biel im Unterhaltungswettbewerb der Oberstufe antritt. Das Publikum erh\u00e4lt damit einen exklusiven Einblick in die Show, die sp\u00e4ter auf der grossen EMF-B\u00fchne zu sehen sein wird.\r\nErg\u00e4nzt wird das Programm durch mitreissende Unterhaltungsmusik und besondere Showmomente. F\u00fcr zus\u00e4tzliche musikalische Highlights sorgt Gasts\u00e4nger Axel Marena, der gemeinsam mit der Band f\u00fcr Stimmung und G\u00e4nsehaut Momente sorgt.","field_event_date":"01.05.2026","formatted_date_time":"2026-05-01 20:00:00","field_event_doors_datetime":"2026-05-01T20:00:00","field_event_doors":"20:00","formatted_event_doors":"2026-05-01 20:00:00","field_event_doors_string":"20:00","field_event_ticket_link":"","field_event_origin_link":"https:\/\/www.sudpol.ch\/programm\/harmoniemusik-kriens-night-session-3-0","field_event_youtube_clip_id":null,"field_event_soundcloud_clip_id":null,"field_event_vimeo_clip_id":null,"field_event_price":"Erwachsene: CHF 33 | Jugendliche: CHF 22 | Kinder: CHF 11","field_event_facebook_event_id":""},{"field_event_origin_id":"61812-1","changed":"2026-03-19 08:48:52","title":"Harmoniemusik Kriens: Night Session","field_event_subtitle":"","field_event_image":"https:\/\/cms.sudpol.ch\/content\/uploads\/2026\/03\/HAMU_web.jpg","body":"Im S\u00fcdpol wird die Night Session zu einem Abend voller Energie, Musik und Show. Die Harmoniemusik Kriens pr\u00e4sentiert ihr aktuelles Programm f\u00fcr das Eidgen\u00f6ssisches Musikfest 2026, mit dem sie am 17. Mai 2026 in Biel im Unterhaltungswettbewerb der Oberstufe antritt. Das Publikum erh\u00e4lt damit einen exklusiven Einblick in die Show, die sp\u00e4ter auf der grossen EMF-B\u00fchne zu sehen sein wird.\r\nErg\u00e4nzt wird das Programm durch mitreissende Unterhaltungsmusik und besondere Showmomente. F\u00fcr zus\u00e4tzliche musikalische Highlights sorgt Gasts\u00e4nger Axel Marena, der gemeinsam mit der Band f\u00fcr Stimmung und G\u00e4nsehaut Momente sorgt.","field_event_date":"02.05.2026","formatted_date_time":"2026-05-02 16:30:00","field_event_doors_datetime":"2026-05-02T16:30:00","field_event_doors":"16:30","formatted_event_doors":"2026-05-02 16:30:00","field_event_doors_string":"16:30","field_event_ticket_link":"","field_event_origin_link":"https:\/\/www.sudpol.ch\/programm\/harmoniemusik-kriens-night-session-3-1","field_event_youtube_clip_id":null,"field_event_soundcloud_clip_id":null,"field_event_vimeo_clip_id":null,"field_event_price":"Erwachsene: CHF 33 | Jugendliche: CHF 22 | Kinder: CHF 11","field_event_facebook_event_id":""},{"field_event_origin_id":"61812-2","changed":"2026-03-19 08:48:52","title":"Harmoniemusik Kriens: Night Session","field_event_subtitle":"","field_event_image":"https:\/\/cms.sudpol.ch\/content\/uploads\/2026\/03\/HAMU_web.jpg","body":"Im S\u00fcdpol wird die Night Session zu einem Abend voller Energie, Musik und Show. Die Harmoniemusik Kriens pr\u00e4sentiert ihr aktuelles Programm f\u00fcr das Eidgen\u00f6ssisches Musikfest 2026, mit dem sie am 17. Mai 2026 in Biel im Unterhaltungswettbewerb der Oberstufe antritt. Das Publikum erh\u00e4lt damit einen exklusiven Einblick in die Show, die sp\u00e4ter auf der grossen EMF-B\u00fchne zu sehen sein wird.\r\nErg\u00e4nzt wird das Programm durch mitreissende Unterhaltungsmusik und besondere Showmomente. F\u00fcr zus\u00e4tzliche musikalische Highlights sorgt Gasts\u00e4nger Axel Marena, der gemeinsam mit der Band f\u00fcr Stimmung und G\u00e4nsehaut Momente sorgt.","field_event_date":"02.05.2026","formatted_date_time":"2026-05-02 20:00:00","field_event_doors_datetime":"2026-05-02T20:00:00","field_event_doors":"20:00","formatted_event_doors":"2026-05-02 20:00:00","field_event_doors_string":"20:00","field_event_ticket_link":"","field_event_origin_link":"https:\/\/www.sudpol.ch\/programm\/harmoniemusik-kriens-night-session-3-2","field_event_youtube_clip_id":null,"field_event_soundcloud_clip_id":null,"field_event_vimeo_clip_id":null,"field_event_price":"Erwachsene: CHF 33 | Jugendliche: CHF 22 | Kinder: CHF 11","field_event_facebook_event_id":""},{"field_event_origin_id":"61800-0","changed":"2026-03-16 14:24:13","title":"W\u00f6rterwirbel","field_event_subtitle":"","field_event_image":"https:\/\/cms.sudpol.ch\/content\/uploads\/2026\/03\/worterwirbel_web-1.jpg","body":"In f\u00fcnf Schulen der Zentralschweiz haben Sch\u00fcler*innen im Unterricht das Thema \u00abPoetry Slam\u00bb bearbeitet, eigene Texte verfasst und \u00fcberzeugende Performances einge\u00fcbt. Die besten Poet*innen dieser Schulen treten nun im Finale - also dem W\u00f6rterwirbel - gegeneinander an. Welcher Text ber\u00fchrt am meisten? Welche Darbietung reisst das Publikum am ehesten aus den Sitzen?\r\nSei dabei, wenn der oder die beste Poet*in 2026 erkoren wird!\r\nTeilnehmende Schulen\r\nSekundarschule Adligenswil\r\nSekundarschule R\u00f6hrliberg Cham\r\nSekundarschule Hitzkirch\r\nSekundarschule Meggen\r\nSekundarschule Tribschen Luzern\r\nMusikalische Umrahmung\r\nMusik-Sch\u00fcler*innen der Schule Meggen (Leitung Noel Zadori)\r\nModeration\r\nDominik Fasnacht und Kay Wieoimmer","field_event_date":"21.05.2026","formatted_date_time":"2026-05-21 18:30:00","field_event_doors_datetime":"2026-05-21T18:30:00","field_event_doors":"18:30","formatted_event_doors":"2026-05-21 18:30:00","field_event_doors_string":"18:30","field_event_ticket_link":" https:\/\/www.ticketmaster.ch\/event\/1899342079","field_event_origin_link":"https:\/\/www.sudpol.ch\/programm\/worterwirbel-0","field_event_youtube_clip_id":null,"field_event_soundcloud_clip_id":null,"field_event_vimeo_clip_id":null,"field_event_price":"Kinder unter 16 Jahren CHF 5 | Erwachsene CHF 15 | Soliticket CHF 20","field_event_facebook_event_id":""},{"field_event_origin_id":"61778-0","changed":"2026-04-03 15:27:52","title":"Residenzsharing: Aldebs \/ Al Hakim \/ Caruso \/ Z\u00fcnd: raising flags","field_event_subtitle":"","field_event_image":"https:\/\/cms.sudpol.ch\/content\/uploads\/2026\/03\/flags_web.jpg","body":"Stoff im Wind. Farben, die Zugeh\u00f6rigkeit versprechen. Fahnen wirken weich \u2013 fast harmlos. Doch in ihren Bewegungen liegen Geschichten von Grenzen, Macht und Konflikt. \r\nZwei T\u00e4nzerinnen und eine Musikerin erforschen die Spannung zwischen Verf\u00fchrung und Widerstand: zwischen der scheinbar harmlosen \u00c4sthetik nationaler Symbole und der Kraft, mit der sie Gemeinschaft, Ausgrenzung und Konflikt formen k\u00f6nnen. W\u00e4hrend der Nationalismus weltweit neuen Aufwind erh\u00e4lt, fragt das St\u00fcck: Wie entsteht Widerstand? Und welche K\u00f6rper, Kl\u00e4nge und Bewegungen k\u00f6nnen ihm entgegentreten?\r\n&nbsp;\r\nKURZ GESAGT\r\nZwei T\u00e4nzerinnen und eine Musikerin erforschen auf der B\u00fchne die Themen Nationalismus und Widerstand. Es gibt Fahnen im Wind, milit\u00e4rische Bewegungsabl\u00e4ufe und wiederst\u00e4ndige Songs.\r\n&nbsp;\r\nRESIDENZSHARING\r\nAm S\u00fcdpol haben K\u00fcnstler*innen \u2013 in einer sogenannten Residenz \u2013 Zeit und Raum, um an Neuem zu arbeiten: Sie entwickeln, probieren aus, verwerfen und erfinden neu, unterst\u00fctzt und begleitet vom S\u00fcdpol-Team. Das Residenz-Sharing ist eine Einladung zu beidseitigem Austausch: Die K\u00fcnstler*innen teilen ihren aktuellen Stand ihrer Arbeit mit dem Publikum und das Publikum teilt erste Eindr\u00fccke davon mit den K\u00fcnstler*innen.","field_event_date":"29.04.2026","formatted_date_time":"2026-04-29 19:00:00","field_event_doors_datetime":"2026-04-29T19:00:00","field_event_doors":"19:00","formatted_event_doors":"2026-04-29 19:00:00","field_event_doors_string":"19:00","field_event_ticket_link":"","field_event_origin_link":"https:\/\/www.sudpol.ch\/programm\/residenzsharing-aldebs-al-hakim-caruso-zund-raising-flags-0","field_event_youtube_clip_id":null,"field_event_soundcloud_clip_id":null,"field_event_vimeo_clip_id":null,"field_event_price":"Eintritt frei","field_event_facebook_event_id":""},{"field_event_origin_id":"61764-0","changed":"2026-03-11 09:58:13","title":"Lost in Devotion Metal Fest Vol. 1: DUST BOLT | THOLA | LOTRIFY","field_event_subtitle":"","field_event_image":"https:\/\/cms.sudpol.ch\/content\/uploads\/2026\/03\/dust_bold_web.jpg","body":"Im 21. Jahrhundert erlebt der Thrash Metal einen zweiten Fr\u00fchling. Ob die jungen Bands der \u00abNew Wave of Thrash Metal\u00bb oder die immer noch aktiven Thrash-Veteranen aus den Achtzigerjahren \u2013 am globalen Thrash-Revival f\u00fchrt derzeit kein Weg vorbei.\r\n&nbsp;\r\nAn vorderster Fr\u00fchlingsfront drischt seit 2007 die deutsche Band Dust Bolt und feiert mit Songs wie \u00abGhost on My Screen\u00bb (2025) oder ihrer aktuellen Single \u00abSupergau\u00bb die k\u00f6rperliche Energie, die stampfenden Rhythmen, die frische H\u00e4rte und die Virtuosit\u00e4t ihrer musikalischen Wahlheimat. Hinzu kommt eine Prise Humor \u2013 das Musikvideo zu \u00abSupergau\u00bb wurde in einem Fitnesscenter gedreht, als wolle die Band sagen: Wenn irgendetwas eine sportliche Herausforderung ist, dann unser Hochgeschwindigkeits-Metal!\r\n&nbsp;\r\nWeniger thrashig, daf\u00fcr umso grooviger geht es bei Lotrify zur Sache, die sich bereits mehrfach bei Metal Storm Concerts die Ehre gaben. Die Schweizer Band verschmilzt Inspirationen aus diversen Metal-Subgenres zu Songs, die trotz komplexer Songstrukturen mitreissend, eing\u00e4ngig und nicht zuletzt verdammt tanzbar sind.\r\n&nbsp;\r\nKomplettiert wird der Fr\u00fchlingssturm von der Schweizer Melodic-Speed\/Power-Metal-Band Thola, die das Beste aus dem klassischen Heavy Metal mit modernen Elementen verbindet.\r\nNach den Konzerten heizt DJ Schlitzi mit allerfeinstem Metal noch geh\u00f6rig ein.","field_event_date":"30.05.2026","formatted_date_time":"2026-05-30 20:00:00","field_event_doors_datetime":"2026-05-30T20:00:00","field_event_doors":"20:00","formatted_event_doors":"2026-05-30 20:00:00","field_event_doors_string":"20:00","field_event_ticket_link":"https:\/\/www.ticketmaster.ch\/event\/2055642380","field_event_origin_link":"https:\/\/www.sudpol.ch\/programm\/lost-in-devotion-metal-fest-vol-1-dust-bolt-thola-lotrify-0","field_event_youtube_clip_id":null,"field_event_soundcloud_clip_id":null,"field_event_vimeo_clip_id":null,"field_event_price":"VVK: CHF 35 | Supporter CHF 45* | AK: CHF 40 | Supporter: CHF 50* ","field_event_facebook_event_id":""},{"field_event_origin_id":"61737-0","changed":"2026-03-09 13:54:22","title":"THEO PARRISH [SOUND SIGNATURE |\u00a0DETROIT] ALL NIGHT LONG","field_event_subtitle":"","field_event_image":"https:\/\/cms.sudpol.ch\/content\/uploads\/2026\/03\/2026_05_13_Theo-Parrish_All-Night-long_WEB.jpg","body":"S\u00fcdpol &amp; Njoymusic pr\u00e4sentieren Theo Parrish.\r\n&nbsp;\r\nTheo Parrish ist eine der pr\u00e4gendsten Figuren der Detroit-Clubkultur. Der US-DJ, Produzent und Gr\u00fcnder von Sound Signature steht f\u00fcr einen unverwechselbaren Stil zwischen House, Techno, Jazz, Soul und Funk. Seine Sets sind keine gew\u00f6hnlichen DJ-Sets, sondern musikalische Reisen. Roh, improvisiert und voller Tiefe.\r\n&nbsp;\r\nAusserdem feiert Njoymusic sein 15 Jahr Jubil\u00e4um.\r\nTheo Parrish exklusiv bei uns im S\u00fcdpol. Am Mittwoch vor Auffahrt. Unbedingt VVK nutzen.\r\n&nbsp;\r\n\r\n\r\n\r\nUnterst\u00fctzt wird der Abend visuell von\u00a0Krata Visuals, die mit ihrem Bild- und Lichtkonzept den Raum begleiten und die musikalische Dramaturgie von Theo Parrish visuell aufnehmen.","field_event_date":"13.05.2026","formatted_date_time":"2026-05-13 22:00:00","field_event_doors_datetime":"2026-05-13T22:00:00","field_event_doors":"22:00","formatted_event_doors":"2026-05-13 22:00:00","field_event_doors_string":"22:00","field_event_ticket_link":"https:\/\/www.ticketmaster.ch\/event\/2066565148","field_event_origin_link":"https:\/\/www.sudpol.ch\/programm\/theo-parrish-sound-signature-detroit-all-night-long-0","field_event_youtube_clip_id":null,"field_event_soundcloud_clip_id":null,"field_event_vimeo_clip_id":null,"field_event_price":"VVK: Standard: CHF 25 | AK: CHF 38","field_event_facebook_event_id":""},{"field_event_origin_id":"61732-0","changed":"2026-04-14 09:57:22","title":"\u00e9clat","field_event_subtitle":"","field_event_image":"https:\/\/cms.sudpol.ch\/content\/uploads\/2026\/03\/eclat_web-e1776153434908.jpg","body":"\u00c9clat geht in die 2. Runde im S\u00fcdpol.\r\n&nbsp;\r\nAm 16. Mai feiern wir die \u00c9clat x S\u00fcdpol V2 Producer Night mit einem starken Line-up aus Schweizer Produzenten aus Luzern und der Region. Freu dich auf eine Nacht voller frischer Releases, treibender Grooves und energiegeladener Sets direkt aus der lokalen Szene.\r\n&nbsp;\r\nWir freuen uns riesig auf euch im Club \u2013 bis bald auf dem Dancefloor.","field_event_date":"16.05.2026","formatted_date_time":"2026-05-16 22:00:00","field_event_doors_datetime":"2026-05-16T22:00:00","field_event_doors":"22:00","formatted_event_doors":"2026-05-16 22:00:00","field_event_doors_string":"22:00","field_event_ticket_link":"https:\/\/www.ticketmaster.ch\/event\/1082357511","field_event_origin_link":"https:\/\/www.sudpol.ch\/programm\/eclat-2-0","field_event_youtube_clip_id":null,"field_event_soundcloud_clip_id":null,"field_event_vimeo_clip_id":null,"field_event_price":"VVK Early Bird: CHF 10 | AK: CHF 20","field_event_facebook_event_id":""},{"field_event_origin_id":"61675-0","changed":"2026-02-23 11:21:35","title":"jan SEVEN dettwyler","field_event_subtitle":"","field_event_image":"https:\/\/cms.sudpol.ch\/content\/uploads\/2026\/02\/WEB_JSD_Acoustic_PRINT-17.jpg","body":"Acoustic Stories 2\r\n&nbsp;\r\nJan Seven Dettwyler hat jede Schweizer Bu\u0308hne bespielt, die eine Steckdose in unmittelbarer N\u00e4he bietet. Nun kehrt der umtriebige Musiker und Geschichtenerz\u00e4hler mit einer langersehnten Fortsetzung zuru\u0308ck in die Theaters\u00e4le.\r\n&nbsp;\r\nVor genau 15 Jahren begeisterte er mit seinem Stu\u0308ck Acoustic Stories das Publikum \u2013 auf kleinen Bu\u0308hnen und in kultigen Theatern im ganzen Land, Abend fu\u0308r Abend restlos ausverkauft. Jetzt folgt das n\u00e4chste Kapitel: Acoustic Stories 2.\r\n&nbsp;\r\nBegleitet von einer kleinen, aber feinen Band \u2013 Rose Ann Dimalanta am Piano und Gesang, Raphael Jakob an der Gitarre und Gesang sowie Seven am Schlagzeug \u2013 entsteht eine einzigartige Mischung aus Musik und Erz\u00e4hlkunst. Die Geschichten zwischen, u\u0308ber und w\u00e4hrend der Songs machen diesen Abend zu einem Erlebnis, das es nur gibt, wenn Jan Seven Dettwyler auf dem Ticket steht.\r\n&nbsp;\r\nEin Abend voller Musik, Einblicke in den kreativen, emotionalen Kopf dieses Musikers \u2013 und ein Abend, der nachklingt \u2013 in den Ohren, im Herzen und manchmal auch im Zwerchfell.\r\n&nbsp;","field_event_date":"07.11.2026","formatted_date_time":"2026-11-07 20:00:00","field_event_doors_datetime":"2026-11-07T20:00:00","field_event_doors":"20:00","formatted_event_doors":"2026-11-07 20:00:00","field_event_doors_string":"20:00","field_event_ticket_link":"https:\/\/www.ticketmaster.ch\/event\/2040418742","field_event_origin_link":"https:\/\/www.sudpol.ch\/programm\/jan-seven-dettwyler-0","field_event_youtube_clip_id":null,"field_event_soundcloud_clip_id":null,"field_event_vimeo_clip_id":null,"field_event_price":"1. Kategorie: CHF 70 | 2. Kategorie: CHF 65 | 3. Kategorie: CHF 60","field_event_facebook_event_id":""},{"field_event_origin_id":"61670-0","changed":"2026-02-18 10:01:11","title":"Groove Extravaganza \u2013 Intercity Jazz Orchestra feat. Anatole Muster","field_event_subtitle":"big band goes modern grooves","field_event_image":"https:\/\/cms.sudpol.ch\/content\/uploads\/2026\/02\/WEB_anatole.jpg","body":"big band goes modern grooves\r\n&nbsp;\r\nWas passiert, wenn ein junger, international gefeierter Akkordeonist auf eine der vielseitigsten Big Bands der Schweiz trifft? Das Intercity Jazz Orchestra hat es ausprobiert \u2013 und die Antwort war ein Abend voller elektrisierender Energie, musikalischer Neugier und purer Spielfreude.\r\n&nbsp;\r\nDer Schweizer Musiker Anatole Muster, gerade einmal 24 Jahre alt, hat sich mit seiner innovativen Verbindung von Modern Jazz, elektronischen Texturen und virtuosem Akkordeonspiel bereits einen Namen gemacht. Auftritte beim Montreux Jazz Autumn of Music, dem Rio Montreux Jazz Festival, M4Music oder im legend\u00e4ren Ronnie Scott\u2019s Jazz Club sowie Features in Jamie Cullums BBC\u2011Radioshow zeugen von seiner rasanten internationalen Entwicklung.\r\n&nbsp;\r\nIn Zusammenarbeit mit dem Intercity Jazz Orchestra entsteht ein einzigartiger Sound: elektronische Impulse werden in die analoge Welt der Big Band \u00fcbertragen, verschmelzen mit Funk\u2011 und Groove\u2011Elementen und entfalten eine Wucht, die das Publikum unmittelbar mitreisst. Die meisten St\u00fccke stammen aus der Feder von Muster oder Mitgliedern der Band \u2013 frisch komponiert oder neu arrangiert f\u00fcr diese besondere Begegnung.\r\n&nbsp;\r\nNach dem ersten gemeinsamen Konzert gehen Anatole Muster und das Intercity Jazz Orchestra nun gemeinsam auf Tour. Der S\u00fcdpol darf sich auf einen Abend freuen, an dem St\u00fchle \u00fcberfl\u00fcssig wirken und die Musik direkt in Beine, Herz und Kopf f\u00e4hrt. Ein Konzert f\u00fcr alle, die Modern Jazz, Big\u2011Band\u2011Power und elektronische Kreativit\u00e4t in einer neuen, lebendigen Form erleben m\u00f6chten.","field_event_date":"11.06.2026","formatted_date_time":"2026-06-11 20:15:00","field_event_doors_datetime":"2026-06-11T20:15:00","field_event_doors":"20:15","formatted_event_doors":"2026-06-11 20:15:00","field_event_doors_string":"20:15","field_event_ticket_link":"https:\/\/www.ticketmaster.ch\/event\/1061798524","field_event_origin_link":"https:\/\/www.sudpol.ch\/programm\/groove-extravaganza-intercity-jazz-orchestra-feat-anatole-muster-0","field_event_youtube_clip_id":null,"field_event_soundcloud_clip_id":null,"field_event_vimeo_clip_id":null,"field_event_price":"VVK: CHF 33 | AK: CHF 35","field_event_facebook_event_id":""},{"field_event_origin_id":"61606-0","changed":"2026-02-04 14:53:13","title":"Hells Metal Army","field_event_subtitle":"","field_event_image":"https:\/\/cms.sudpol.ch\/content\/uploads\/2026\/02\/WEB_HMA.jpg","body":"Drei Bands. Eine B\u00fchne. Eine Nacht im Schatten von Black- und Death Metal.\r\n&nbsp;\r\nWenn kalte Riffs auf wuchtige Drums treffen und die Grenzen zwischen Dunkelheit und Klang verschwimmen, ist es Zeit f\u00fcr einen Abend jenseits des Allt\u00e4glichen. Drei Bands aus dem Dunstkreis von Black- und Deathmetal vereinen ihre Kr\u00e4fte und liefern eine intensive Mischung aus roher Energie, finsteren Atmosph\u00e4ren und kompromisslosem Sound.\r\n&nbsp;\r\nIMPALEMENT\r\nDie ersten Schritte von Impalement gehen auf die Jahre 2010 bis 2012 zur\u00fcck, als Beliath begann, seine eigene Musik zu komponieren, was zu einer groben Skizze dessen f\u00fchrte, was Impalement zehn Jahre sp\u00e4ter werden sollte. Impalement ist eine Mischung aus der Leidenschaft des True Metal, der Brutalit\u00e4t des Death Metal und der tiefgr\u00fcndigen Seele des Black Metal!\r\n&nbsp;\r\nREQUIEM\r\nDie Schweizer Death-Metal-Band REQUIEM ist seit zehn Jahren erfolgreich \u2013 ihre sozialkritischen Texte, ihre Riffs, die aus den Stereoanlagen der Welt dr\u00f6hnen, und ihre energiegeladenen Live-Auftritte sind in ganz Europa bekannt.\r\n&nbsp;\r\nGH\u00d6RNT\r\nWarum den Blick immer in die Ferne schweifen lassen, wenn das Gute so nah ist? Das Duo von GH\u00d6RNT beweist mit seinem genialen Deb\u00fct \u00abNedchrescht\u00bb, dass geiler Black Metal nicht auf der anderen Seite der Grenzen stattfindet. Mit abwechslungsreichem Black Metal, der noch mit originellen Texten in Mundart gekr\u00f6nt worden ist, haben GH\u00d6RNT schon mal f\u00fcr ein erstes Ausrufezeichen gesorgt.\r\n&nbsp;\r\nErwartet keine leichte Kost: Hier geht es um druckvolle Gitarren, treibende Rhythmen und eine d\u00fcstere Stimmung, die sich langsam aufbaut und festsetzt. Jede Band bringt ihren eigenen Charakter mit, doch gemeinsam formen sie einen Abend, der Fans harter, extremer Musik voll abholt.\r\n&nbsp;\r\nF\u00fcr alle, die es laut, dunkel und ehrlich m\u00f6gen.\r\nVVK w\u00e4rmstens empfohlen!","field_event_date":"20.06.2026","formatted_date_time":"2026-06-20 20:00:00","field_event_doors_datetime":"2026-06-20T20:00:00","field_event_doors":"20:00","formatted_event_doors":"2026-06-20 20:00:00","field_event_doors_string":"20:00","field_event_ticket_link":"https:\/\/www.ticketmaster.ch\/event\/855802267","field_event_origin_link":"https:\/\/www.sudpol.ch\/programm\/hells-metal-army-2-0","field_event_youtube_clip_id":null,"field_event_soundcloud_clip_id":null,"field_event_vimeo_clip_id":null,"field_event_price":"VVK: CHF 35 | AK: CHF 40","field_event_facebook_event_id":""},{"field_event_origin_id":"61554-0","changed":"2026-01-28 11:01:24","title":"Extrem Therapie","field_event_subtitle":"","field_event_image":"https:\/\/cms.sudpol.ch\/content\/uploads\/2026\/01\/web_extremtherapie.jpg","body":"G\u00fclsha Adilji und Jenny Jennster mit ihrem tabulosen Podcast live im S\u00fcdpol.\r\n&nbsp;\r\nJenny und G\u00fclsha\u00a0sind durchtherapiert, kennen alle Ratgeber- und Beziehungs-Podcasts, daten aber trotzdem immer noch Douchebags!!? Daher versuchen sie es jetzt mit Expositionstherapie auf der Live-B\u00fchne. Was kann schon schiefgehen, ausser alles? Freut euch auf einen Abend voller ungesch\u00f6nter Stories, emotionaler Risiko-Experimente, Live-Diagnosen, fragw\u00fcrdiger Lifehacks und ehrlicher Erkenntnisse aus zwei Leben, die irgendwo zwischen Dating-Desaster und Selbstironie pendeln.\r\n&nbsp;\r\nVVK w\u00e4rmstens empfohlen.","field_event_date":"22.05.2026","formatted_date_time":"2026-05-22 20:00:00","field_event_doors_datetime":"2026-05-22T20:00:00","field_event_doors":"20:00","formatted_event_doors":"2026-05-22 20:00:00","field_event_doors_string":"20:00","field_event_ticket_link":"https:\/\/www.ticketmaster.ch\/event\/822598137","field_event_origin_link":"https:\/\/www.sudpol.ch\/programm\/extrem-therapie-0","field_event_youtube_clip_id":null,"field_event_soundcloud_clip_id":null,"field_event_vimeo_clip_id":null,"field_event_price":"VVK: Kat. I: CHF 38 | Kat. II: CHF 35 | Kat.III: CHF 33 | AK: CHF 40","field_event_facebook_event_id":""},{"field_event_origin_id":"61546-0","changed":"2026-01-26 11:02:56","title":"Frtwk Voyage: PLH","field_event_subtitle":"","field_event_image":"https:\/\/cms.sudpol.ch\/content\/uploads\/2026\/01\/PLH_web.jpg","body":"PLH hat sich in den letzten Jahren in der Szene nicht nur einen Namen gemacht, sie hat ihren Platz an Deutschraps Untergrund-Spitze immer wieder aufs Neue unter Beweis gestellt. Mit Sektglas und langen N\u00e4geln hat die Bremerin auch dem letzten Beamten der Hip-Hop-Polizei gezeigt, dass sich Weiblichkeit und H\u00e4rte nicht ausschlie\u00dfen. Ganz im Gegenteil: Mit ordentlich Wut auf nervige Macker, geldgeile Blender und das System, packt PLH die Energie in ihre Texte und wird dabei nicht m\u00fcde, sich stetig weiterzuentwickeln \u2013 sowohl pers\u00f6nlich als auch musikalisch.\r\n&nbsp;\r\nDenn nachdem sie in den vergangenen Jahren mehr als eindeutig gezeigt hat, dass sie Hip-Hop-Kultur f\u00f6rmlich einatmet und Boom Bap im Schlaf beherrscht, ist sie ready, ihre Skills auch auf andere Sounds auszuweiten. Ihrem Herz f\u00fcr alte Schule bleibt sie dabei treu und transportiert die raue Energie ihrer bisherigen Tracks neben klassischen Old School Beats nun auch auf Miami Bass, Trap und Memphis-Elemente.\r\n&nbsp;\r\nWie gewohnt serviert sie dabei zusammen mit DJ Kurdish Blow geballte Power \u2013 ein eingespieltes Duo, das Live-B\u00fchnen ebenso dominiert wie die Speaker. Mit frischer Energie und einer Portion neuer Confidence packt PLH Rap mal wieder an den Eiern und blickt auf ihre erste eigene Tour und ihr wohl ehrlichstes und pers\u00f6nlichstes Album.","field_event_date":"12.06.2026","formatted_date_time":"2026-06-12 21:00:00","field_event_doors_datetime":"2026-06-12T21:00:00","field_event_doors":"21:00","formatted_event_doors":"2026-06-12 21:00:00","field_event_doors_string":"21:00","field_event_ticket_link":"https:\/\/www.ticketmaster.ch\/event\/1191817700","field_event_origin_link":"https:\/\/www.sudpol.ch\/programm\/frtwk-voyage-plh-0","field_event_youtube_clip_id":null,"field_event_soundcloud_clip_id":null,"field_event_vimeo_clip_id":null,"field_event_price":"VVK: CHF 30 | AK: CHF 35","field_event_facebook_event_id":""},{"field_event_origin_id":"61464-0","changed":"2026-04-01 13:49:05","title":"Les Digitales Festival 2026","field_event_subtitle":"","field_event_image":"https:\/\/cms.sudpol.ch\/content\/uploads\/2026\/01\/lesdigitales_web.jpg","body":"\u00dcBER DAS FESTIVAL\r\n&nbsp;\r\n\u00abLes Digitales\u00bb ist ein Festival f\u00fcr elektronische und experimentelle Musik, welches seit 2005 mit grossem Erfolg auf den Wiesen verschiedener \u00f6ffentlicher P\u00e4rke und Arealen der Schweiz stattfindet. Die\u00a0Organisations-Teams\u00a0der einzelnen St\u00e4dte funktionieren grunds\u00e4tzlich autonom und sind f\u00fcr die jeweilige Ausgabe verantwortlich.\r\n&nbsp;\r\nZahlreiche K\u00fcnstler aus dem In- und Ausland treten mit einem Live-Set elektronischer oder akustischen Musik auf. Die Konzerte dauern jeweils eine 1\u20442 Stunde und f\u00fchren durch verschiedene Aspekte, Stimmungen und Rhythmen der experimentierfreudigen Musik.\r\n&nbsp;\r\nOffen f\u00fcr alle, bieten diese musikalischen Siestas die M\u00f6glichkeit frische und erstaunliche musikalische Klangwelten in einer einzigartigen Umgebung zu entdecken \u2013 entspannt auf dem Rasen oder in einem der zahlreichen Liegest\u00fchle die am Festival bereitgestellt werden.\r\n&nbsp;","field_event_date":"05.09.2026","formatted_date_time":"2026-09-05 15:00:00","field_event_doors_datetime":"2026-09-05T15:00:00","field_event_doors":"15:00","formatted_event_doors":"2026-09-05 15:00:00","field_event_doors_string":"15:00","field_event_ticket_link":"","field_event_origin_link":"https:\/\/www.sudpol.ch\/programm\/les-digitales-festival-2026-0","field_event_youtube_clip_id":null,"field_event_soundcloud_clip_id":null,"field_event_vimeo_clip_id":null,"field_event_price":"Freier Eintritt | Kollekte","field_event_facebook_event_id":""},{"field_event_origin_id":"61411-0","changed":"2026-01-20 12:39:53","title":"High on the Sound #11: Club Arielle & Bruyante","field_event_subtitle":"","field_event_image":"https:\/\/cms.sudpol.ch\/content\/uploads\/2026\/01\/WEB_HOTS_Release11_1000x585_yr.jpg","body":"HIGH ON THE SOUND: RELEASE #11\r\nAm 08. Mai wird das Musikmagazin \u00abHigh on the Sound\u00bb seine 11. Ausgabe mit einer besonderen Feier im S\u00fcdpol pr\u00e4sentieren: Die neueste Ausgabe des Magazins wird gleichzeitig mit der dem Doppelkonzert der Luzerner Band Club Arielle sowie Bruyante aus dem Kanton Waadt gefeiert!\r\n&nbsp;\r\n\u00dcBER HIGH ON THE SOUND MAGAZINE\r\n\u00abHigh on the Sound\u00bb ist ein Luzerner Musikmagazin, das sich auf junge aufstrebende Musiker*innen der Schweizer Indie-Musikszene fokussiert. Ziel des Magazins ist es, eine interregionale Musikszene in der Schweiz zu erschaffen und Bands und Musikliebhaber*innen miteinander zu verbinden. Beim Magazinrelease im S\u00fcdpol wird die gedruckte Ausgabe des Magazins erh\u00e4ltlich sein.\r\n&nbsp;\r\n\u00dcBER CLUB ARIELLE\r\nBenebelte Tanznacht, jugendlicher Eskapismus, kritisch-ironische Selbstreflexionen \u00fcber exzessive Ausgangskultur und b\u00fcrgerliche Verstocktheit. Club Arielle sperrt sich mit H\u00fcftsteifen und Sonntagsruhenden in einen Spiegelsaal ein und l\u00e4sst sie sich selbst in ihre Einzelteile zerlegen. Das dabei entstehende Chaos wird durch rauchverhangene Luft gefiltert und vom S\u00e4nger Maurus Kaufmann mit der Rohheit von Joe Talbot (Idles) und der Sensibilit\u00e4t von Grian Chatten (Fontaines D.C.) in die Welt herausgeschrien.\r\nClub Arielle performt treibendes Unbehagen in Post-Punk-\u00c4sthetik mit einem Unterton aus Geborgenheit und Freundschaft. Synthesizer Sounds, die eine explodierende Fernsehr\u00f6hre imitieren, schrille Gitarreneffekte, unz\u00e4hmbares Schlagzeug und unkonventionell eingesetzte Blechinstrumente erinnern an Bands wie Viagra Boys, shame, Squid oder Folly Group \u2013 _mit jedoch hochdeutschen Texten. Club Arielle ist Identit\u00e4tskrise in frivoler Manier und liefert ekstatische Live-Konzerte.\r\n&nbsp;\r\n\u00dcBER BRUYANTE\r\nBruyante wurde im Sommer 2024 von Valentin Descloux, Zo\u00e9 Sanchez und David Bourquenoud gegr\u00fcndet. Die Band entwickelte schnell einen schweren, dichten Stil, der von der Post-Hardcore-, Dark-Folk- und Art-Rock-Szene inspiriert war, mit Einfl\u00fcssen von Big Brave, Emma Ruth Rundle, Birds In Row und Brutus.\r\nBruyante spielt mit gewaltt\u00e4tigen, energiegeladenen Atmosph\u00e4ren und \u00e4therischen Parts mit melancholischen und eindringlichen Stimmungen und dr\u00fcckt damit aus, was in unseren Herzen liegt \u2013 Traurigkeit, Wut, Angst, Hoffnung.\r\nD\u00fcstere Gitarren, leuchtende Gesangsmantras, ohrenbet\u00e4ubende Drum-Rhythmen \u2013 die Formel der Band ist einfach, um rohe und authentische Emotionen zu vermitteln.","field_event_date":"08.05.2026","formatted_date_time":"2026-05-08 21:00:00","field_event_doors_datetime":"2026-05-08T21:00:00","field_event_doors":"21:00","formatted_event_doors":"2026-05-08 21:00:00","field_event_doors_string":"21:00","field_event_ticket_link":"https:\/\/www.ticketmaster.ch\/event\/763360430","field_event_origin_link":"https:\/\/www.sudpol.ch\/programm\/high-on-the-sound-w-club-arielle-bruyante-0","field_event_youtube_clip_id":null,"field_event_soundcloud_clip_id":null,"field_event_vimeo_clip_id":null,"field_event_price":"VVK: CHF 25 | AK: CHF 28","field_event_facebook_event_id":""},{"field_event_origin_id":"61406-2","changed":"2026-03-18 10:26:05","title":"Caribbean Vibes","field_event_subtitle":"","field_event_image":"https:\/\/cms.sudpol.ch\/content\/uploads\/2026\/01\/CARIBBEAN-VIBES_BILD-1.jpg","body":"Feel the Rhythm of the Caribbean\r\nTauche ein in eine Nacht voller hei\u00dfer Beats, exotischer Rhythmen und karibischer Lebensfreude!\r\nLass dich treiben von pulsierenden Sounds und purem Urlaubsfeeling.\r\nMit DJ Theo.","field_event_date":"15.05.2026","formatted_date_time":"2026-05-15 20:00:00","field_event_doors_datetime":"2026-05-15T20:00:00","field_event_doors":"20:00","formatted_event_doors":"2026-05-15 20:00:00","field_event_doors_string":"20:00","field_event_ticket_link":"","field_event_origin_link":"https:\/\/www.sudpol.ch\/programm\/carribean-vibes-2","field_event_youtube_clip_id":null,"field_event_soundcloud_clip_id":null,"field_event_vimeo_clip_id":null,"field_event_price":"AK: CHF 10","field_event_facebook_event_id":"1402739624940847"},{"field_event_origin_id":"61406-3","changed":"2026-03-18 10:26:05","title":"Caribbean Vibes","field_event_subtitle":"","field_event_image":"https:\/\/cms.sudpol.ch\/content\/uploads\/2026\/01\/CARIBBEAN-VIBES_BILD-1.jpg","body":"Feel the Rhythm of the Caribbean\r\nTauche ein in eine Nacht voller hei\u00dfer Beats, exotischer Rhythmen und karibischer Lebensfreude!\r\nLass dich treiben von pulsierenden Sounds und purem Urlaubsfeeling.\r\nMit DJ Theo.","field_event_date":"05.06.2026","formatted_date_time":"2026-06-05 21:00:00","field_event_doors_datetime":"2026-06-05T21:00:00","field_event_doors":"21:00","formatted_event_doors":"2026-06-05 21:00:00","field_event_doors_string":"21:00","field_event_ticket_link":"","field_event_origin_link":"https:\/\/www.sudpol.ch\/programm\/carribean-vibes-3","field_event_youtube_clip_id":null,"field_event_soundcloud_clip_id":null,"field_event_vimeo_clip_id":null,"field_event_price":"AK: CHF 10","field_event_facebook_event_id":"1402739624940847"},{"field_event_origin_id":"61344-0","changed":"2026-01-19 10:46:48","title":"Losus Reynoso: Rompecabeza Albumtaufe","field_event_subtitle":"","field_event_image":"https:\/\/cms.sudpol.ch\/content\/uploads\/2026\/01\/web_losus_reynoso.jpg","body":"Mit ROMPECABEZA feiert die Luzerner S\u00e4ngerin und Rapperin Losus Reynoso ihr zweites Studioalbum und schafft zugleich eine B\u00fchne f\u00fcr kollektives Female Empowerment. Gemeinsam mit sechs weiteren K\u00fcnstlerinnen aus der Schweiz\u00a0bringt sie unterschiedliche Stimmen, Sprachen und musikalische Hintergr\u00fcnde auf einer B\u00fchne zusammen.\r\n&nbsp;\r\nROMPECABEZA\u00a0(spanisch f\u00fcr \u201ePuzzle\u201c oder wortw\u00f6rtlich \u201eKopfzerbrechen\u201c) ist ein musikalisches Puzzle aus unterschiedlichen Identit\u00e4ten und Perspektiven. Das Album reicht von Schweizerdeutsch, Englisch und Spanisch bis zu den Genres von RnB, Hiphop\/Rap zu Pop, Latin und elektronischen Kl\u00e4ngen. Laut und selbstbestimmt steht die Albumtaufe f\u00fcr Sichtbarkeit, Sisterhood und Community statt Konkurrenzdenken. Sie l\u00e4dt dazu ein, weibliche und queere Stimmen gemeinsam zu feiern.\r\n&nbsp;\r\nSpecial Guests\r\nLa Nefera\r\nMarea\r\nIce Zaddy\r\nCarmabylon\r\nEli Graf","field_event_date":"22.05.2026","formatted_date_time":"2026-05-22 21:00:00","field_event_doors_datetime":"2026-05-22T21:00:00","field_event_doors":"21:00","formatted_event_doors":"2026-05-22 21:00:00","field_event_doors_string":"21:00","field_event_ticket_link":"https:\/\/www.ticketmaster.ch\/event\/1354581377","field_event_origin_link":"https:\/\/www.sudpol.ch\/programm\/losus-reynoso-rompecabeza-albumtaufe-0","field_event_youtube_clip_id":null,"field_event_soundcloud_clip_id":null,"field_event_vimeo_clip_id":null,"field_event_price":"VVK: CHF 28 | CHF 33","field_event_facebook_event_id":""},{"field_event_origin_id":"61317-0","changed":"2026-01-09 11:03:02","title":"Tante Kaspar: Albumtaufe & Basement Roots","field_event_subtitle":"","field_event_image":"https:\/\/cms.sudpol.ch\/content\/uploads\/2026\/01\/Web_tante_kaspar.jpg","body":"Ein Doppelkonzert im Zeichen von Luzerner Bands. Dieser Abend sorgt mit der Albumtaufe von Tante Kaspar und einer energetischen Live-Show der Basement Roots f\u00fcr unvergessliche Momente und zeigt, dass Luzern zu Recht Musikstadt genannt wird.\r\n&nbsp;\r\nZwischen Reggae, Grooves, Ska und Synthpop ist f\u00fcr jede musikliebhabende Person was passendes dabei. Die beiden Bands sorgen f\u00fcr unvergessliche Stimmung.\r\nVVK w\u00e4rmstens empfohlen.\r\n&nbsp;\r\nTANTE KASPAR\r\nDie Luzerner Band Tante Kaspar hat sich 2025 mit Auftritten am Stadtfest Luzern, am Nachteulen Festival Sursee und am Bluebox Festival Altdorf einem breiten Publikum vorgestellt. Ihr energiegeladener, tanzbarer Sound verbindet Ska, Synthpop und Reggae.\r\n\r\n&nbsp;\r\nMit Mundarttexten, Spielfreude und viel Charme sorgt die Band live f\u00fcr eine dynamische Atmosph\u00e4re. Nach der ersten EP mit f\u00fcnf Singleauskopplungen und \u00fcber 20\u2019000 Streams folgt nun die zweite EP. Der erste Single Release wird am 29. Mai 2025 im S\u00fcdpol Luzern live gefeiert.\r\n&nbsp;\r\nNun taufen Sie bei uns im Club ihr Album mit einer energiegeladenen Show. Darf auf keinen Fall verpasst werden!\r\n&nbsp;\r\n\r\n&nbsp;\r\nBASEMENT ROOTS\r\n&nbsp;\r\nDie vier Stimmen harmonieren, die Riddim Section groovt, die Horns erklingen golden. Obwohl bei Basement Roots 11 Musiker*innen auf der Bu\u0308hne stehen, finden sie zwischen Offbeats und One Drops alle ihr Pl\u00e4tzchen. Doch l\u00e4sst sich die Reggaeband aus Emmenbru\u0308cke gerne auch vom Chaos leiten. Statt mit Google Maps fuhren sie entlang sch\u00f6ner Pl\u00e4tze und hu\u0308bscher Bauten zu ihren 200 Auftritten in allen Ecken der Schweiz, in Frankreich und Deutschland, aber auch im Senegal und in Ghana.\r\n&nbsp;\r\nNach der in Tu\u0308bingen aufgenommenen LP \u00abExperience\u00bb (2018), der w\u00e4hrend Corona in Eigenregie produzierten EP \u00abCherry Eleven\u00bb (2021) und der in Accra realisierten EP \u00abWalk On\u00bb (2022), haben Sie 2025 ihre neueste EP \u00abBeauty\u00bb eine EP ver\u00f6ffentlicht, welche so zeitlos ist, wie die Klischees \u00fcber Emmenbru\u0308cke.\r\n&nbsp;\r\nProduzent ist Florian Zellweger, der normalerweise mit Basement Roots auf der Bu\u0308hne steht, nun aber die Mics gerichtet, die Aufnahmen abgemischt und den Klang der Band perfekt eingefangen hat.\r\nBasement Roots sorgen an ihren Konzerten f\u00fcr G\u00e4nsehaut-Feeling und Good Vibes, bei dem kein Bein stillstehen wird.","field_event_date":"29.05.2026","formatted_date_time":"2026-05-29 21:00:00","field_event_doors_datetime":"2026-05-29T21:00:00","field_event_doors":"21:00","formatted_event_doors":"2026-05-29 21:00:00","field_event_doors_string":"21:00","field_event_ticket_link":"https:\/\/www.ticketmaster.ch\/event\/1584175051","field_event_origin_link":"https:\/\/www.sudpol.ch\/programm\/tante-kaspar-albumtaufe-basement-roots-0","field_event_youtube_clip_id":null,"field_event_soundcloud_clip_id":null,"field_event_vimeo_clip_id":null,"field_event_price":"VVK: CHF 30 | AK: CHF 33","field_event_facebook_event_id":""},{"field_event_origin_id":"61324-4","changed":"2026-01-15 10:29:43","title":"Pro Senectute Tanznachmittag","field_event_subtitle":"","field_event_image":"https:\/\/cms.sudpol.ch\/content\/uploads\/2020\/02\/10_V_Prosenectute_Tanznachmittag2_3-1000x585.jpg","body":"Zusammen mit Pro Senectute veranstalten wir regelm\u00e4ssig einen Tanznachmittag mit Live-Musik f\u00fcr junggebliebene Menschen und alle, die Lust haben, einen Nachmittag tanzend zu verbringen!","field_event_date":"20.05.2026","formatted_date_time":"2026-05-20 14:30:00","field_event_doors_datetime":"2026-05-20T14:30:00","field_event_doors":"14:30","formatted_event_doors":"2026-05-20 14:30:00","field_event_doors_string":"14:30","field_event_ticket_link":"","field_event_origin_link":"https:\/\/www.sudpol.ch\/programm\/pro-senectute-tanznachmittag-6-4","field_event_youtube_clip_id":null,"field_event_soundcloud_clip_id":null,"field_event_vimeo_clip_id":null,"field_event_price":"CHF 10","field_event_facebook_event_id":""},{"field_event_origin_id":"61324-5","changed":"2026-01-15 10:29:43","title":"Pro Senectute Tanznachmittag","field_event_subtitle":"","field_event_image":"https:\/\/cms.sudpol.ch\/content\/uploads\/2020\/02\/10_V_Prosenectute_Tanznachmittag2_3-1000x585.jpg","body":"Zusammen mit Pro Senectute veranstalten wir regelm\u00e4ssig einen Tanznachmittag mit Live-Musik f\u00fcr junggebliebene Menschen und alle, die Lust haben, einen Nachmittag tanzend zu verbringen!","field_event_date":"24.06.2026","formatted_date_time":"2026-06-24 14:30:00","field_event_doors_datetime":"2026-06-24T14:30:00","field_event_doors":"14:30","formatted_event_doors":"2026-06-24 14:30:00","field_event_doors_string":"14:30","field_event_ticket_link":"","field_event_origin_link":"https:\/\/www.sudpol.ch\/programm\/pro-senectute-tanznachmittag-6-5","field_event_youtube_clip_id":null,"field_event_soundcloud_clip_id":null,"field_event_vimeo_clip_id":null,"field_event_price":"CHF 10","field_event_facebook_event_id":""},{"field_event_origin_id":"61324-6","changed":"2026-01-15 10:29:43","title":"Pro Senectute Tanznachmittag","field_event_subtitle":"","field_event_image":"https:\/\/cms.sudpol.ch\/content\/uploads\/2020\/02\/10_V_Prosenectute_Tanznachmittag2_3-1000x585.jpg","body":"Zusammen mit Pro Senectute veranstalten wir regelm\u00e4ssig einen Tanznachmittag mit Live-Musik f\u00fcr junggebliebene Menschen und alle, die Lust haben, einen Nachmittag tanzend zu verbringen!","field_event_date":"26.08.2026","formatted_date_time":"2026-08-26 17:30:00","field_event_doors_datetime":"2026-08-26T17:30:00","field_event_doors":"17:30","formatted_event_doors":"2026-08-26 17:30:00","field_event_doors_string":"17:30","field_event_ticket_link":"","field_event_origin_link":"https:\/\/www.sudpol.ch\/programm\/pro-senectute-tanznachmittag-6-6","field_event_youtube_clip_id":null,"field_event_soundcloud_clip_id":null,"field_event_vimeo_clip_id":null,"field_event_price":"CHF 10","field_event_facebook_event_id":""},{"field_event_origin_id":"61324-7","changed":"2026-01-15 10:29:43","title":"Pro Senectute Tanznachmittag","field_event_subtitle":"","field_event_image":"https:\/\/cms.sudpol.ch\/content\/uploads\/2020\/02\/10_V_Prosenectute_Tanznachmittag2_3-1000x585.jpg","body":"Zusammen mit Pro Senectute veranstalten wir regelm\u00e4ssig einen Tanznachmittag mit Live-Musik f\u00fcr junggebliebene Menschen und alle, die Lust haben, einen Nachmittag tanzend zu verbringen!","field_event_date":"23.09.2026","formatted_date_time":"2026-09-23 17:30:00","field_event_doors_datetime":"2026-09-23T17:30:00","field_event_doors":"17:30","formatted_event_doors":"2026-09-23 17:30:00","field_event_doors_string":"17:30","field_event_ticket_link":"","field_event_origin_link":"https:\/\/www.sudpol.ch\/programm\/pro-senectute-tanznachmittag-6-7","field_event_youtube_clip_id":null,"field_event_soundcloud_clip_id":null,"field_event_vimeo_clip_id":null,"field_event_price":"CHF 10","field_event_facebook_event_id":""},{"field_event_origin_id":"61324-8","changed":"2026-01-15 10:29:43","title":"Pro Senectute Tanznachmittag","field_event_subtitle":"","field_event_image":"https:\/\/cms.sudpol.ch\/content\/uploads\/2020\/02\/10_V_Prosenectute_Tanznachmittag2_3-1000x585.jpg","body":"Zusammen mit Pro Senectute veranstalten wir regelm\u00e4ssig einen Tanznachmittag mit Live-Musik f\u00fcr junggebliebene Menschen und alle, die Lust haben, einen Nachmittag tanzend zu verbringen!","field_event_date":"28.10.2026","formatted_date_time":"2026-10-28 17:30:00","field_event_doors_datetime":"2026-10-28T17:30:00","field_event_doors":"17:30","formatted_event_doors":"2026-10-28 17:30:00","field_event_doors_string":"17:30","field_event_ticket_link":"","field_event_origin_link":"https:\/\/www.sudpol.ch\/programm\/pro-senectute-tanznachmittag-6-8","field_event_youtube_clip_id":null,"field_event_soundcloud_clip_id":null,"field_event_vimeo_clip_id":null,"field_event_price":"CHF 10","field_event_facebook_event_id":""},{"field_event_origin_id":"61324-9","changed":"2026-01-15 10:29:43","title":"Pro Senectute Tanznachmittag","field_event_subtitle":"","field_event_image":"https:\/\/cms.sudpol.ch\/content\/uploads\/2020\/02\/10_V_Prosenectute_Tanznachmittag2_3-1000x585.jpg","body":"Zusammen mit Pro Senectute veranstalten wir regelm\u00e4ssig einen Tanznachmittag mit Live-Musik f\u00fcr junggebliebene Menschen und alle, die Lust haben, einen Nachmittag tanzend zu verbringen!","field_event_date":"18.11.2026","formatted_date_time":"2026-11-18 17:30:00","field_event_doors_datetime":"2026-11-18T17:30:00","field_event_doors":"17:30","formatted_event_doors":"2026-11-18 17:30:00","field_event_doors_string":"17:30","field_event_ticket_link":"","field_event_origin_link":"https:\/\/www.sudpol.ch\/programm\/pro-senectute-tanznachmittag-6-9","field_event_youtube_clip_id":null,"field_event_soundcloud_clip_id":null,"field_event_vimeo_clip_id":null,"field_event_price":"CHF 10","field_event_facebook_event_id":""},{"field_event_origin_id":"61324-10","changed":"2026-01-15 10:29:43","title":"Pro Senectute Tanznachmittag","field_event_subtitle":"","field_event_image":"https:\/\/cms.sudpol.ch\/content\/uploads\/2020\/02\/10_V_Prosenectute_Tanznachmittag2_3-1000x585.jpg","body":"Zusammen mit Pro Senectute veranstalten wir regelm\u00e4ssig einen Tanznachmittag mit Live-Musik f\u00fcr junggebliebene Menschen und alle, die Lust haben, einen Nachmittag tanzend zu verbringen!","field_event_date":"16.12.2026","formatted_date_time":"2026-12-16 17:30:00","field_event_doors_datetime":"2026-12-16T17:30:00","field_event_doors":"17:30","formatted_event_doors":"2026-12-16 17:30:00","field_event_doors_string":"17:30","field_event_ticket_link":"","field_event_origin_link":"https:\/\/www.sudpol.ch\/programm\/pro-senectute-tanznachmittag-6-10","field_event_youtube_clip_id":null,"field_event_soundcloud_clip_id":null,"field_event_vimeo_clip_id":null,"field_event_price":"CHF 10","field_event_facebook_event_id":""},{"field_event_origin_id":"61276-1","changed":"2026-03-10 15:07:57","title":"LaVIVA \u2013 Die barrierefreie Party f\u00fcr alle","field_event_subtitle":"","field_event_image":"https:\/\/cms.sudpol.ch\/content\/uploads\/2025\/03\/LaVIVA-web.jpg","body":"Die LaVIVA-Partys von Procap bieten Menschen die perfekte Gelegenheit, um barrierefrei zu tanzen und Party zu feiern.\r\n\r\n\r\nDie Partys bieten einen Raum, in dem alle tanzen und Spass haben k\u00f6nnen \u2013 in einer inklusiven und entspannten Atmosph\u00e4re.\r\nEgal, ob du eine Behinderung hast oder nicht, alle sind herzlich willkommen auf der Tanzfl\u00e4che.\r\nDJ\u2019s mixen die Musik und es gibt einen Barbetrieb.\r\nZudem ist es ein Angebot f\u00fcr alle, die den fr\u00fchen Zeitrahmen sch\u00e4tzen.\r\n\r\n\r\n&nbsp;\r\nInformationen zur Barrierefreiheit\r\nDer Eingang zum Club und die Tanzfl\u00e4che ist barrierefrei zug\u00e4nglich.\r\nRollstuhlg\u00e4ngige, genderneutrale Toiletten sind vorhanden.\r\nAuf Stroboskoplicht wird bewusst verzichtet.\r\nWeitere Fragen und Antworten zum Thema Barrierefreiheit findest du hier.\r\n&nbsp;\r\nTICKETS\r\nDer Eintritt kostet CHF 10.\r\nAssistenzpersonen, die Menschen mit Behinderung begleiten, haben freien Eintritt.\r\nEs gibt keinen Vorverkauf. Die Tickets k\u00f6nnen an der Abendkasse im Club gekauft werden.\r\n&nbsp;\r\nPROGRAMM 2026\r\n14.03.2026 DJ Sharif\r\n13.06.2026 DJ Threnie\r\n12.09.2026 DJ Seventyfive\r\n05.12.2026 DJ Cello Bello","field_event_date":"13.06.2026","formatted_date_time":"2026-06-13 18:30:00","field_event_doors_datetime":"2026-06-13T18:30:00","field_event_doors":"18:30","formatted_event_doors":"2026-06-13 18:30:00","field_event_doors_string":"18:30","field_event_ticket_link":"","field_event_origin_link":"https:\/\/www.sudpol.ch\/programm\/laviva-die-barrierefreie-party-fur-alle-2-1","field_event_youtube_clip_id":null,"field_event_soundcloud_clip_id":null,"field_event_vimeo_clip_id":null,"field_event_price":"CHF 10","field_event_facebook_event_id":""},{"field_event_origin_id":"61276-2","changed":"2026-03-10 15:07:57","title":"LaVIVA \u2013 Die barrierefreie Party f\u00fcr alle","field_event_subtitle":"","field_event_image":"https:\/\/cms.sudpol.ch\/content\/uploads\/2025\/03\/LaVIVA-web.jpg","body":"Die LaVIVA-Partys von Procap bieten Menschen die perfekte Gelegenheit, um barrierefrei zu tanzen und Party zu feiern.\r\n\r\n\r\nDie Partys bieten einen Raum, in dem alle tanzen und Spass haben k\u00f6nnen \u2013 in einer inklusiven und entspannten Atmosph\u00e4re.\r\nEgal, ob du eine Behinderung hast oder nicht, alle sind herzlich willkommen auf der Tanzfl\u00e4che.\r\nDJ\u2019s mixen die Musik und es gibt einen Barbetrieb.\r\nZudem ist es ein Angebot f\u00fcr alle, die den fr\u00fchen Zeitrahmen sch\u00e4tzen.\r\n\r\n\r\n&nbsp;\r\nInformationen zur Barrierefreiheit\r\nDer Eingang zum Club und die Tanzfl\u00e4che ist barrierefrei zug\u00e4nglich.\r\nRollstuhlg\u00e4ngige, genderneutrale Toiletten sind vorhanden.\r\nAuf Stroboskoplicht wird bewusst verzichtet.\r\nWeitere Fragen und Antworten zum Thema Barrierefreiheit findest du hier.\r\n&nbsp;\r\nTICKETS\r\nDer Eintritt kostet CHF 10.\r\nAssistenzpersonen, die Menschen mit Behinderung begleiten, haben freien Eintritt.\r\nEs gibt keinen Vorverkauf. Die Tickets k\u00f6nnen an der Abendkasse im Club gekauft werden.\r\n&nbsp;\r\nPROGRAMM 2026\r\n14.03.2026 DJ Sharif\r\n13.06.2026 DJ Threnie\r\n12.09.2026 DJ Seventyfive\r\n05.12.2026 DJ Cello Bello","field_event_date":"18.09.2026","formatted_date_time":"2026-09-18 18:30:00","field_event_doors_datetime":"2026-09-18T18:30:00","field_event_doors":"18:30","formatted_event_doors":"2026-09-18 18:30:00","field_event_doors_string":"18:30","field_event_ticket_link":"","field_event_origin_link":"https:\/\/www.sudpol.ch\/programm\/laviva-die-barrierefreie-party-fur-alle-2-2","field_event_youtube_clip_id":null,"field_event_soundcloud_clip_id":null,"field_event_vimeo_clip_id":null,"field_event_price":"CHF 10","field_event_facebook_event_id":""},{"field_event_origin_id":"61276-3","changed":"2026-03-10 15:07:57","title":"LaVIVA \u2013 Die barrierefreie Party f\u00fcr alle","field_event_subtitle":"","field_event_image":"https:\/\/cms.sudpol.ch\/content\/uploads\/2025\/03\/LaVIVA-web.jpg","body":"Die LaVIVA-Partys von Procap bieten Menschen die perfekte Gelegenheit, um barrierefrei zu tanzen und Party zu feiern.\r\n\r\n\r\nDie Partys bieten einen Raum, in dem alle tanzen und Spass haben k\u00f6nnen \u2013 in einer inklusiven und entspannten Atmosph\u00e4re.\r\nEgal, ob du eine Behinderung hast oder nicht, alle sind herzlich willkommen auf der Tanzfl\u00e4che.\r\nDJ\u2019s mixen die Musik und es gibt einen Barbetrieb.\r\nZudem ist es ein Angebot f\u00fcr alle, die den fr\u00fchen Zeitrahmen sch\u00e4tzen.\r\n\r\n\r\n&nbsp;\r\nInformationen zur Barrierefreiheit\r\nDer Eingang zum Club und die Tanzfl\u00e4che ist barrierefrei zug\u00e4nglich.\r\nRollstuhlg\u00e4ngige, genderneutrale Toiletten sind vorhanden.\r\nAuf Stroboskoplicht wird bewusst verzichtet.\r\nWeitere Fragen und Antworten zum Thema Barrierefreiheit findest du hier.\r\n&nbsp;\r\nTICKETS\r\nDer Eintritt kostet CHF 10.\r\nAssistenzpersonen, die Menschen mit Behinderung begleiten, haben freien Eintritt.\r\nEs gibt keinen Vorverkauf. Die Tickets k\u00f6nnen an der Abendkasse im Club gekauft werden.\r\n&nbsp;\r\nPROGRAMM 2026\r\n14.03.2026 DJ Sharif\r\n13.06.2026 DJ Threnie\r\n12.09.2026 DJ Seventyfive\r\n05.12.2026 DJ Cello Bello","field_event_date":"05.12.2026","formatted_date_time":"2026-12-05 18:30:00","field_event_doors_datetime":"2026-12-05T18:30:00","field_event_doors":"18:30","formatted_event_doors":"2026-12-05 18:30:00","field_event_doors_string":"18:30","field_event_ticket_link":"","field_event_origin_link":"https:\/\/www.sudpol.ch\/programm\/laviva-die-barrierefreie-party-fur-alle-2-3","field_event_youtube_clip_id":null,"field_event_soundcloud_clip_id":null,"field_event_vimeo_clip_id":null,"field_event_price":"CHF 10","field_event_facebook_event_id":""},{"field_event_origin_id":"61227-0","changed":"2025-12-17 16:20:18","title":"ALTIN G\u00dcN","field_event_subtitle":"","field_event_image":"https:\/\/cms.sudpol.ch\/content\/uploads\/2025\/12\/WEB_Altin-Gun-by-Sanja-Marusic5.jpg","body":"Das niederl\u00e4ndische Psychedelic-Quintett Alt\u0131n G\u00fcn kehrt mit dem f\u00fcnften Album \u00abGarip\u00bb zur\u00fcck \u2013 dem bislang ausgereiftesten und vielseitigsten Werk und einer herzlichen Hommage an den legend\u00e4ren t\u00fcrkischen Folk-Barden Ne\u015fet Erta\u015f.\r\n&nbsp;\r\nSeit ihrem Deb\u00fctalbum \u00abOn\u00bb im Jahr 2018 stehen die in Amsterdam ans\u00e4ssigen Altin G\u00fcn an der Spitze der Wiederbelebung t\u00fcrkisch beeinflussten psychedelischen Grooves im 21. Jahrhundert. Mit einem Sound, der von Wah-Wah-Effekten und Orgelkl\u00e4ngen gepr\u00e4gt ist und m\u00fchelos den Geist der anatolischen Psych-Funk-Meister der 70er Jahre wie Bari\u015f Man\u00e7o und Erkin Koray einf\u00e4ngt, haben sie ihr Repertoire mit \u00abYol\u00bb aus dem Jahr 2021 vertieft und erweitert, indem sie Synthesizer und Drum Machines in den Mix einbrachten, um einen eher von den 80er Jahren beeinflussten Dream-Pop-Vibe zu erzielen.\r\n&nbsp;\r\nAuch Fans der fr\u00fcheren Werke von Altun G\u00fcn werden bei \u00abGarip\u00bb viel zu lieben finden. Das anatolische Element ist nach wie vor stark pr\u00e4sent \u2013 und das nicht nur in E\u00e7evits schmerzerf\u00fclltem Gesang. E\u00e7evits Figuren sind \u00fcberall eingewoben und stellen eine direkte Verbindung zu den fr\u00fchesten Einfl\u00fcssen her, wie zum Beispiel in dem rauchigen \u00abNi\u011fde Ba\u011flari\u00bb mit seinem ungew\u00f6hnlichen Folk-Rhythmus und dem Gef\u00fchl der kilometerweit sich erstreckenden anatolischen Steppen. \u00abEs ist unser vielseitigstes Album\u00bb sagt Verhuist. \u00abEs ist von allem etwas dabei. Die Songs sind schwerer einzuordnen. Wir wollten etwas anderes machen als bisher. Weniger provokativ, weniger poppig, weniger offensichtlich Psych-Rock. Eher einfach nur gute Stimmung.\u00bb \u00abGarip\u00bb ist der Sound einer Band, die sich st\u00e4ndig weiterentwickelt. Eine reife musikalische Einheit, die nichts zu beweisen hat.\r\n&nbsp;\r\nEine Band, die jede Menge Spa\u00df hat.\r\nVVK wird w\u00e4rmstens empfohlen!\r\n&nbsp;\r\n\r\n&nbsp;\r\nAlt\u0131n\u00a0 G\u00fcn sind:\r\n\r\nErdin\u00e7 E\u00e7evit \u2013 Gesang\/Synthesizer\/Saz\r\nThijs Elzinga \u2013 Gitarre\r\nJasper Verhulst \u2013 Bass\r\nChris Bruining \u2013 Percussion\r\nDaniel Smienk \u2013 Schlagzeug","field_event_date":"14.05.2026","formatted_date_time":"2026-05-14 20:30:00","field_event_doors_datetime":"2026-05-14T20:30:00","field_event_doors":"20:30","formatted_event_doors":"2026-05-14 20:30:00","field_event_doors_string":"20:30","field_event_ticket_link":"https:\/\/www.ticketmaster.ch\/event\/884782846","field_event_origin_link":"https:\/\/www.sudpol.ch\/programm\/altin-gun-2-0","field_event_youtube_clip_id":null,"field_event_soundcloud_clip_id":null,"field_event_vimeo_clip_id":null,"field_event_price":"VVK: CHF 45 | AK: CHF 48","field_event_facebook_event_id":""},{"field_event_origin_id":"61231-0","changed":"2025-12-16 10:35:09","title":"IKAN HYU: SWIM WITH SHARKS TOUR 2026","field_event_subtitle":"","field_event_image":"https:\/\/cms.sudpol.ch\/content\/uploads\/2025\/12\/WEB_Tourplakat_DE26_Breiter4.jpg","body":"IKAN HYU - genre bending rock duo\r\n&nbsp;\r\nDie explosiven Live Shows von IKAN HYU sind aus der Europ\u00e4ischen Musiklandschaft nicht mehr wegzudenken. Die Art und Weise wie sie zu zweit die Wucht einer \u2018ganzen Band\u2019 erschaffen, ist so einzigartig wie der Sound, der dabei entsteht: frei, glitchy, sch\u00f6n, tiefgru\u0308ndig und unberechenbar. Die beiden Frontfrauen spielen je bis zu drei Instrumente gleichzeitig - bei Hannah sind es akustische und elektronische Drum-Elemente, ein Kaossilator und ein Synth-Bass, bei Anisa ein Drumpad und ein selber designter E-Gitarre\/Keyboard Hybrid, damit sie gleichzeitig Gitarre und Bass spielen kann. Dazu singen beide abwechselnd oder zusammen. Erg\u00e4nzt durch DIY Artworks, Merchandise-Artikel, Lichtelemente und Bu\u0308hnenoutfits (die zusammen mit Anisas Schwester Irina entstehen), erschaffen IKAN HYU ein ganzes Universum.\r\n&nbsp;\r\nNun sind sie mit ihrem neuem Album, welches im Herbst 2026 erscheint, live bei uns im Club.\r\nVVK wird w\u00e4rmstens empfohlen!\r\n&nbsp;","field_event_date":"10.12.2026","formatted_date_time":"2026-12-10 20:30:00","field_event_doors_datetime":"2026-12-10T20:30:00","field_event_doors":"20:30","formatted_event_doors":"2026-12-10 20:30:00","field_event_doors_string":"20:30","field_event_ticket_link":"https:\/\/www.ticketmaster.ch\/event\/1900360860","field_event_origin_link":"https:\/\/www.sudpol.ch\/programm\/ikan-hyu-swim-with-sharks-tour-2026-0","field_event_youtube_clip_id":null,"field_event_soundcloud_clip_id":null,"field_event_vimeo_clip_id":null,"field_event_price":"VVK: CHF 30 | AK: CHF 33","field_event_facebook_event_id":""},{"field_event_origin_id":"61012-0","changed":"2026-04-14 09:58:41","title":"Steff la Cheffe: Stoff Tour 2027","field_event_subtitle":"","field_event_image":"https:\/\/cms.sudpol.ch\/content\/uploads\/2025\/11\/WEB_Steff_la_Cheffe_4_Credit_Roberto_Ecclesia_Jr.jpg","body":"Steff la Cheffe ist zuru\u0308ck: St\u00e4rker, facettenreicher und emotionaler denn je.\r\n&nbsp;\r\nNach einer kreativen Pause meldet sich die Berner Musikerin mit ihrem neuen Album \u201eStoff\u201c zuru\u0308ck, das Herz und Kopf gleichermassen bewegt. Mit neuer Bandformation und frischer Energie bringt die zweifache Swiss Music Awards Gewinnerin ihre unverwechselbare Mischung aus Rap, Gesang und Beats auf die Bu\u0308hne.\r\n&nbsp;\r\nSeit ihrem Debu\u0308t \u201eBittersu\u0308essi Pille\u201c (2010) pr\u00e4gt Steff la Cheffe die Schweizer Musiklandschaft mit ihrem eigenst\u00e4ndigen Stil. Ihre Nachfolgealben \u201eV\u00f6gu zum Geburtstag\u201c (2013), \u201eH\u00e4rz Schritt Macherin\u201c (2018) und \u201ePS:\u201c (2020) erreichten Spitzenpositionen in den Charts und machten sie zu einer festen Gr\u00f6sse der hiesigen Pop- und Hip-Hop-Szene.\r\n&nbsp;\r\nWer Steff la Cheffe live erlebt, spu\u0308rt: Hier steht eine Ku\u0308nstlerin mit Haltung, Erfahrung und Leidenschaft. Ihre Konzerte verbinden Tiefgang und Energie, Beats und Poesie \u2013 und zeigen eine Musikerin, die sich weiterentwickelt, ohne ihre Authentizit\u00e4t zu verlieren.\r\n&nbsp;\r\nDas Konzert war f\u00fcr den 25.04.2026 geplant und musste leider verschoben werden. Stattdessen findet es jetzt am 30.04.2027 statt. Alle Tickets behalten ihre G\u00fcltigkeit.\r\n&nbsp;\r\n\r\n&nbsp;","field_event_date":"30.04.2027","formatted_date_time":"2027-04-30 21:00:00","field_event_doors_datetime":"2027-04-30T21:00:00","field_event_doors":"21:00","formatted_event_doors":"2027-04-30 21:00:00","field_event_doors_string":"21:00","field_event_ticket_link":"https:\/\/www.ticketmaster.ch\/event\/1772933944","field_event_origin_link":"https:\/\/www.sudpol.ch\/programm\/steff-la-cheffe-0","field_event_youtube_clip_id":null,"field_event_soundcloud_clip_id":null,"field_event_vimeo_clip_id":null,"field_event_price":"VVK: CHF 42 | AK: CHF 45","field_event_facebook_event_id":""},{"field_event_origin_id":"60423-5","changed":"2026-03-18 10:51:21","title":"S\u00fcdpol Slam","field_event_subtitle":"","field_event_image":"https:\/\/cms.sudpol.ch\/content\/uploads\/2025\/09\/SP-Slam-RZ_WEB.jpg","body":"Wer wird den S\u00fcdpol als Zweite erklimmen und die w\u00e4rmende Flasche als Sieger*in in die H\u00f6he stemmen?\r\n&nbsp;\r\nSei dabei, wenn sich die Poet*innen in spannenden KO-Duellen ihre Lyrik um die K\u00f6pfe werfen. Du entscheidest, wer gewinnt.\r\n&nbsp;\r\nAlteingesessene Meister*innen der Worte wie auch frische Talente treten in diesem Open List Slam gegeneinander an, um dein Herz zu erobern und dich aus der seichten Unterhaltung herauszureissen. Erlebe einen Abend voller Spannung, Lachen, Tr\u00e4nen, Tiefe und unvergesslichen Momenten.\r\nOrganisiert und moderiert wird der Slam von Lokalmatador Dominik Fasnacht, der mit viel Witz und Charme versteht, euch durch den Abend zu leiten.\r\n&nbsp;","field_event_date":"06.05.2026","formatted_date_time":"2026-05-06 20:00:00","field_event_doors_datetime":"2026-05-06T20:00:00","field_event_doors":"20:00","formatted_event_doors":"2026-05-06 20:00:00","field_event_doors_string":"20:00","field_event_ticket_link":"https:\/\/www.ticketmaster.ch\/search?q=S%C3%BCdpol%20Slam","field_event_origin_link":"https:\/\/www.sudpol.ch\/programm\/sudpol-slam-2025-2026-5","field_event_youtube_clip_id":null,"field_event_soundcloud_clip_id":null,"field_event_vimeo_clip_id":null,"field_event_price":"CHF 20 | CHF 15 (Studi) | CHF 25 (Soli)","field_event_facebook_event_id":""},{"field_event_origin_id":"59991-0","changed":"2025-12-01 11:03:40","title":"Beziehungskosmos","field_event_subtitle":"","field_event_image":"https:\/\/cms.sudpol.ch\/content\/uploads\/2025\/06\/DSC_1788-2_web.jpg","body":"Das Duo aus dem Erfolg-Podcast BEZIEHUNGSKOSMOS ist zur\u00fcck auf unserer B\u00fchne!\r\nDie B\u00fchnengespr\u00e4che zwischen der Journalistin Sabine Meyer und der Psychotherapeutin Felizitas Ambauen sind seit \u00fcber drei Jahren fester Bestandteil der Kulturszene Schweiz und wir freuen uns, dass sie auch diese Saison wieder bei uns Halt machen.\r\n&nbsp;\r\nHier erleben Sie einen Live-Podcast, der kein Podcast ist. Es wird n\u00e4mlich weder aufgenommen, noch geschnitten. Das Gespr\u00e4ch zwischen den beiden ist eine psychologische Sternschnuppe, die nach 90 Minuten vergl\u00fcht.\r\n&nbsp;\r\nAn jedem Abend wird ein neues Schwerpunktthema besprochen und psychologisch vertieft.\r\nEin fixes Skript gibt es nicht, daf\u00fcr viel Platz f\u00fcr Improvisation und Resonanz mit dem Publikum.\r\n&nbsp;\r\nDas Thema gibt den Takt vor, die Journalistin hat die Z\u00fcgel in der Hand und die Psychotherapeutin galoppiert durch die Felder der Schematherapie. Mal mit analytischem Tiefgang, mal mit viel Humor und Leichtigkeit.\r\nWillkommen im Beziehungskosmos \u2013 und einer kleinen Anleitung zu mehr Selbsterkenntnis.\r\n&nbsp;\r\nVVK wird w\u00e4rmstens empfohlen!\r\n&nbsp;","field_event_date":"05.11.2026","formatted_date_time":"2026-11-05 20:00:00","field_event_doors_datetime":"2026-11-05T20:00:00","field_event_doors":"20:00","formatted_event_doors":"2026-11-05 20:00:00","field_event_doors_string":"20:00","field_event_ticket_link":"https:\/\/www.ticketmaster.ch\/event\/1816150508","field_event_origin_link":"https:\/\/www.sudpol.ch\/programm\/beziehungskosmos-3-0","field_event_youtube_clip_id":null,"field_event_soundcloud_clip_id":null,"field_event_vimeo_clip_id":null,"field_event_price":"VVK 1. Kat.: CHF 50 | 2. Kat.: CHF | 48  3. Kat.: CHF 45 | AK: CHF 50","field_event_facebook_event_id":""},{"field_event_origin_id":"59350-1","changed":"2026-03-17 08:28:22","title":"Wein im Ohr","field_event_subtitle":"","field_event_image":"https:\/\/cms.sudpol.ch\/content\/uploads\/2025\/03\/Gruppenbild_SW_WEB.jpg","body":"\u00abWein im Ohr\u00bb ist ein Konzertformat, das klassische Musik mit passendem Wein verbindet. Wein und Musik treten in einen Dialog miteinander, so dass sich das Geh\u00f6rte und das Degustierte gegenseitig bereichern. Die Sopranistin Melia Inglin, die Pianistin Laura Spichtig sowie die Cellistin Emilie Inniger \u00fcbernehmen dabei den musikalischen Part und geben klassische Musik in einem ganz ungewohnten Setting zum Besten. W\u00e4hrenddessen k\u00fcmmert sich der Sommelier Jason Zuber um den Wein. Zu jedem Musikst\u00fcck gibt es einen spezifischen Wein, durch den die Musik in ein ganz besonderes Licht gestellt wird.\r\n&nbsp;\r\nDieses Jahr stehen unsere Genussabende ganz passend unter dem Motto \u00abLa Dolce Vita\u00bb.","field_event_date":"07.05.2026","formatted_date_time":"2026-05-07 19:00:00","field_event_doors_datetime":"2026-05-07T19:00:00","field_event_doors":"19:00","formatted_event_doors":"2026-05-07 19:00:00","field_event_doors_string":"19:00","field_event_ticket_link":"https:\/\/eventfrog.ch\/de\/p\/konzerte\/weitere-musikrichtungen\/wein-im-ohr-eine-musikalisch-umrahmte-weindegustation-7401613522268884664.html","field_event_origin_link":"https:\/\/www.sudpol.ch\/programm\/wein-im-ohr-1","field_event_youtube_clip_id":null,"field_event_soundcloud_clip_id":null,"field_event_vimeo_clip_id":null,"field_event_price":"CHF 55 \/ CHF 45 (Studi)","field_event_facebook_event_id":""},{"field_event_origin_id":"55820-23","changed":"2026-04-03 15:15:03","title":"S\u00fcdpol-dance","field_event_subtitle":"","field_event_image":"https:\/\/cms.sudpol.ch\/content\/uploads\/2023\/09\/SPD_web.jpg","body":"Would you like to S\u00fcdpol-dance?\r\n&nbsp;\r\nJeden letzten Dienstag im Monat bietet \u00abS\u00fcdpol-dance\u00bb ein Tagesprogramm mit viel Freude an Bewegung f\u00fcr alle Tanzbegeisterten. Alle sind willkommen, Tanzerfahrung ist nicht erforderlich! Die Teilnehmenden werden sich sowohl k\u00f6rperlich als auch kreativ bewegen und austauschen k\u00f6nnen.\r\n&nbsp;\r\nDas\u00a0Tagesprogramm besteht aus verschiedenen Teilen, die unabh\u00e4ngig voneinander besucht werden k\u00f6nnen. Das Programm wird jeden Monat nach der letzten Ausgabe aktualisiert\r\n&nbsp;\r\nDas Program im April:\r\n12.00-13.00: Gaga\/people mit Annemarie Kaufmann\r\n13.00-14.00: z\u2018Mittag\r\n14.00-16.00: Dance and Digital Workshop mit Izabela Orzelowska &amp; Gonzague Rebetez\r\n16.15-18.00: Sharing Space ist \u00abPlaytime!\u00bb mit dem STURZBALLETT\r\n18.30-20.00: IMAGINARY DANCESCAPE mit Benjamin Pogonatos\u00a0\r\n&nbsp;\r\nGaga\/people\r\nL\u00e4dt alle ab 16 dazu ein, sich in einem kreativen Rahmen mit dem eigenen K\u00f6rper und der eigenen Vorstellungskraft zu verbinden, das K\u00f6rperbewusstsein zu steigern, die Flexibilit\u00e4t und Ausdauer zu verbessern und vor allem die Freude an der Bewegung zu erleben.\r\n(CHF 10 t.\/IGTZ Mitglieder, CHF 20 regul\u00e4r)Weitere Informationen und Reservierungen hier oder per E-Mail an Linda Magnifico: profitraining@igtz.ch\r\n&nbsp;\r\nZ\u2019Mittag\r\nDie, die an \u00abS\u00fcdpol-dance\u00bb teilnehmen, k\u00f6nnen um 13h von einem erm\u00e4ssigten Mittagessen f\u00fcr CHF 10 profitieren \u2013 bio, vegan, lecker!\r\n&nbsp;\r\nTanzworkshops\r\nHier geht es vor allem um eine Vertiefung von Bewegungsmaterial, jedes Mal mit neuen Gasttrainer*innen. Profis und Laien \u2013 alle gemischt! (CHF 15 t.\/IGTZ Mitglieder, CHF 25 regul\u00e4r)Weitere Informationen und Reservierungen hier oder per E-Mail an Linda Magnifico: profitraining@igtz.ch\r\n&nbsp;\r\nSharing Space\r\nDer Sharing Space bietet von M\u00e4rz bis Juni den Workshop \u00abPLAYTIME!\u00bb mit dem STURZBALLETT an.\r\nWir kommen zusammen. Wir kennen uns nicht. Dann st\u00fcrzen wir in einer Reihe von Spielen in eine neue Komfortzone und kreieren aus dem Nichts neue Welten! Der Workshop gibt einen Vorgeschmack auf den \u00abSPIELCLUB\u00bb, den das Tanzhaus Luzern in Zusammenarbeit mit dem STURZBALLETT ab Herbst anbietet \u2013 ein Angebot, das sich ganz bewusst nicht an einer bestimmten Technik oder bestimmten Niveau orientiert, sondern die eigene Fantasie und die Lust an verspielten Begegnung ins Zentrum stellt. Alle k\u00f6nnen ganz sich selbst sein und werden nach ihren individuellen Bed\u00fcrfnissen gefordert. Ob sportlich oder gem\u00fctlich, ob vorsichtig oder wild \u2013 niemand muss sich beweisen und niemand muss sich zur\u00fccknehmen! Auch Menschen mit k\u00f6rperlichen oder geistigen Beeintr\u00e4chtigungen sowie Kinder und Senior*innen sind ausdr\u00fccklich willkommen. Gerade dass Menschen mit unterschiedlichen Erfahrungen und Altersstufen aufeinandertreffen, macht es lustvoll und spannend.\r\nDie Teilnahme ist kostenlos. Weitere Informationen hier.\r\n&nbsp;\r\nIMAGINARY DANCESCAPE\r\ndanceable landscape created by a soundscape\r\nImaginary Dancescape richtet sich an bewegungsinteressierte Menschen, unabh\u00e4ngig von Alter oder F\u00e4higkeiten und bietet Raum f\u00fcr gemeinsames tanzen, wo eigene Bewegungsqualit\u00e4ten erfunden und erforscht werden k\u00f6nnen.\r\nMit elektronischen Beats, pr\u00e4parierten Instrumenten und sph\u00e4rischen Synthesizer, nimmt dich der Musiker und Klangk\u00fcnstler Benjamin Pogonatos mit, auf eine Reise durch tanzbare Klanglandschaften. Entlang dem schmalen Grat zwischen Musik und Ger\u00e4usch, wird das Spektrum tanzbarer Musik ausgelotet.\r\nEine erfahrene T\u00e4nzerin, ein erfahrener T\u00e4nzer begleitet die Session, um den K\u00f6rper und die Sinne zu wecken und dich f\u00fcr den Raum und die Kl\u00e4nge darin zu sensibilisieren, bevor es ins freie tanzen zu improvisierter live Musik \u00fcber geht.\r\nIm M\u00e4rz wird die Session von Vanessa Sp\u00f6rri begleitet.\r\nWeitere Informationen hier oder per E-Mail an Benjamin Pogonatos\r\n&nbsp;","field_event_date":"28.04.2026","formatted_date_time":"2026-04-28 12:00:00","field_event_doors_datetime":"2026-04-28T12:00:00","field_event_doors":"12:00","formatted_event_doors":"2026-04-28 12:00:00","field_event_doors_string":"12:00","field_event_ticket_link":"","field_event_origin_link":"https:\/\/www.sudpol.ch\/programm\/sudpol-dance-23","field_event_youtube_clip_id":null,"field_event_soundcloud_clip_id":null,"field_event_vimeo_clip_id":null,"field_event_price":"Unterschiedliche Preise siehe Module","field_event_facebook_event_id":""},{"field_event_origin_id":"55820-24","changed":"2026-04-03 15:15:03","title":"S\u00fcdpol-dance","field_event_subtitle":"","field_event_image":"https:\/\/cms.sudpol.ch\/content\/uploads\/2023\/09\/SPD_web.jpg","body":"Would you like to S\u00fcdpol-dance?\r\n&nbsp;\r\nJeden letzten Dienstag im Monat bietet \u00abS\u00fcdpol-dance\u00bb ein Tagesprogramm mit viel Freude an Bewegung f\u00fcr alle Tanzbegeisterten. Alle sind willkommen, Tanzerfahrung ist nicht erforderlich! Die Teilnehmenden werden sich sowohl k\u00f6rperlich als auch kreativ bewegen und austauschen k\u00f6nnen.\r\n&nbsp;\r\nDas\u00a0Tagesprogramm besteht aus verschiedenen Teilen, die unabh\u00e4ngig voneinander besucht werden k\u00f6nnen. Das Programm wird jeden Monat nach der letzten Ausgabe aktualisiert\r\n&nbsp;\r\nDas Program im April:\r\n12.00-13.00: Gaga\/people mit Annemarie Kaufmann\r\n13.00-14.00: z\u2018Mittag\r\n14.00-16.00: Dance and Digital Workshop mit Izabela Orzelowska &amp; Gonzague Rebetez\r\n16.15-18.00: Sharing Space ist \u00abPlaytime!\u00bb mit dem STURZBALLETT\r\n18.30-20.00: IMAGINARY DANCESCAPE mit Benjamin Pogonatos\u00a0\r\n&nbsp;\r\nGaga\/people\r\nL\u00e4dt alle ab 16 dazu ein, sich in einem kreativen Rahmen mit dem eigenen K\u00f6rper und der eigenen Vorstellungskraft zu verbinden, das K\u00f6rperbewusstsein zu steigern, die Flexibilit\u00e4t und Ausdauer zu verbessern und vor allem die Freude an der Bewegung zu erleben.\r\n(CHF 10 t.\/IGTZ Mitglieder, CHF 20 regul\u00e4r)Weitere Informationen und Reservierungen hier oder per E-Mail an Linda Magnifico: profitraining@igtz.ch\r\n&nbsp;\r\nZ\u2019Mittag\r\nDie, die an \u00abS\u00fcdpol-dance\u00bb teilnehmen, k\u00f6nnen um 13h von einem erm\u00e4ssigten Mittagessen f\u00fcr CHF 10 profitieren \u2013 bio, vegan, lecker!\r\n&nbsp;\r\nTanzworkshops\r\nHier geht es vor allem um eine Vertiefung von Bewegungsmaterial, jedes Mal mit neuen Gasttrainer*innen. Profis und Laien \u2013 alle gemischt! (CHF 15 t.\/IGTZ Mitglieder, CHF 25 regul\u00e4r)Weitere Informationen und Reservierungen hier oder per E-Mail an Linda Magnifico: profitraining@igtz.ch\r\n&nbsp;\r\nSharing Space\r\nDer Sharing Space bietet von M\u00e4rz bis Juni den Workshop \u00abPLAYTIME!\u00bb mit dem STURZBALLETT an.\r\nWir kommen zusammen. Wir kennen uns nicht. Dann st\u00fcrzen wir in einer Reihe von Spielen in eine neue Komfortzone und kreieren aus dem Nichts neue Welten! Der Workshop gibt einen Vorgeschmack auf den \u00abSPIELCLUB\u00bb, den das Tanzhaus Luzern in Zusammenarbeit mit dem STURZBALLETT ab Herbst anbietet \u2013 ein Angebot, das sich ganz bewusst nicht an einer bestimmten Technik oder bestimmten Niveau orientiert, sondern die eigene Fantasie und die Lust an verspielten Begegnung ins Zentrum stellt. Alle k\u00f6nnen ganz sich selbst sein und werden nach ihren individuellen Bed\u00fcrfnissen gefordert. Ob sportlich oder gem\u00fctlich, ob vorsichtig oder wild \u2013 niemand muss sich beweisen und niemand muss sich zur\u00fccknehmen! Auch Menschen mit k\u00f6rperlichen oder geistigen Beeintr\u00e4chtigungen sowie Kinder und Senior*innen sind ausdr\u00fccklich willkommen. Gerade dass Menschen mit unterschiedlichen Erfahrungen und Altersstufen aufeinandertreffen, macht es lustvoll und spannend.\r\nDie Teilnahme ist kostenlos. Weitere Informationen hier.\r\n&nbsp;\r\nIMAGINARY DANCESCAPE\r\ndanceable landscape created by a soundscape\r\nImaginary Dancescape richtet sich an bewegungsinteressierte Menschen, unabh\u00e4ngig von Alter oder F\u00e4higkeiten und bietet Raum f\u00fcr gemeinsames tanzen, wo eigene Bewegungsqualit\u00e4ten erfunden und erforscht werden k\u00f6nnen.\r\nMit elektronischen Beats, pr\u00e4parierten Instrumenten und sph\u00e4rischen Synthesizer, nimmt dich der Musiker und Klangk\u00fcnstler Benjamin Pogonatos mit, auf eine Reise durch tanzbare Klanglandschaften. Entlang dem schmalen Grat zwischen Musik und Ger\u00e4usch, wird das Spektrum tanzbarer Musik ausgelotet.\r\nEine erfahrene T\u00e4nzerin, ein erfahrener T\u00e4nzer begleitet die Session, um den K\u00f6rper und die Sinne zu wecken und dich f\u00fcr den Raum und die Kl\u00e4nge darin zu sensibilisieren, bevor es ins freie tanzen zu improvisierter live Musik \u00fcber geht.\r\nIm M\u00e4rz wird die Session von Vanessa Sp\u00f6rri begleitet.\r\nWeitere Informationen hier oder per E-Mail an Benjamin Pogonatos\r\n&nbsp;","field_event_date":"26.05.2026","formatted_date_time":"2026-05-26 12:00:00","field_event_doors_datetime":"2026-05-26T12:00:00","field_event_doors":"12:00","formatted_event_doors":"2026-05-26 12:00:00","field_event_doors_string":"12:00","field_event_ticket_link":"","field_event_origin_link":"https:\/\/www.sudpol.ch\/programm\/sudpol-dance-24","field_event_youtube_clip_id":null,"field_event_soundcloud_clip_id":null,"field_event_vimeo_clip_id":null,"field_event_price":"Unterschiedliche Preise siehe Module","field_event_facebook_event_id":""},{"field_event_origin_id":"55820-25","changed":"2026-04-03 15:15:03","title":"S\u00fcdpol-dance","field_event_subtitle":"","field_event_image":"https:\/\/cms.sudpol.ch\/content\/uploads\/2023\/09\/SPD_web.jpg","body":"Would you like to S\u00fcdpol-dance?\r\n&nbsp;\r\nJeden letzten Dienstag im Monat bietet \u00abS\u00fcdpol-dance\u00bb ein Tagesprogramm mit viel Freude an Bewegung f\u00fcr alle Tanzbegeisterten. Alle sind willkommen, Tanzerfahrung ist nicht erforderlich! Die Teilnehmenden werden sich sowohl k\u00f6rperlich als auch kreativ bewegen und austauschen k\u00f6nnen.\r\n&nbsp;\r\nDas\u00a0Tagesprogramm besteht aus verschiedenen Teilen, die unabh\u00e4ngig voneinander besucht werden k\u00f6nnen. Das Programm wird jeden Monat nach der letzten Ausgabe aktualisiert\r\n&nbsp;\r\nDas Program im April:\r\n12.00-13.00: Gaga\/people mit Annemarie Kaufmann\r\n13.00-14.00: z\u2018Mittag\r\n14.00-16.00: Dance and Digital Workshop mit Izabela Orzelowska &amp; Gonzague Rebetez\r\n16.15-18.00: Sharing Space ist \u00abPlaytime!\u00bb mit dem STURZBALLETT\r\n18.30-20.00: IMAGINARY DANCESCAPE mit Benjamin Pogonatos\u00a0\r\n&nbsp;\r\nGaga\/people\r\nL\u00e4dt alle ab 16 dazu ein, sich in einem kreativen Rahmen mit dem eigenen K\u00f6rper und der eigenen Vorstellungskraft zu verbinden, das K\u00f6rperbewusstsein zu steigern, die Flexibilit\u00e4t und Ausdauer zu verbessern und vor allem die Freude an der Bewegung zu erleben.\r\n(CHF 10 t.\/IGTZ Mitglieder, CHF 20 regul\u00e4r)Weitere Informationen und Reservierungen hier oder per E-Mail an Linda Magnifico: profitraining@igtz.ch\r\n&nbsp;\r\nZ\u2019Mittag\r\nDie, die an \u00abS\u00fcdpol-dance\u00bb teilnehmen, k\u00f6nnen um 13h von einem erm\u00e4ssigten Mittagessen f\u00fcr CHF 10 profitieren \u2013 bio, vegan, lecker!\r\n&nbsp;\r\nTanzworkshops\r\nHier geht es vor allem um eine Vertiefung von Bewegungsmaterial, jedes Mal mit neuen Gasttrainer*innen. Profis und Laien \u2013 alle gemischt! (CHF 15 t.\/IGTZ Mitglieder, CHF 25 regul\u00e4r)Weitere Informationen und Reservierungen hier oder per E-Mail an Linda Magnifico: profitraining@igtz.ch\r\n&nbsp;\r\nSharing Space\r\nDer Sharing Space bietet von M\u00e4rz bis Juni den Workshop \u00abPLAYTIME!\u00bb mit dem STURZBALLETT an.\r\nWir kommen zusammen. Wir kennen uns nicht. Dann st\u00fcrzen wir in einer Reihe von Spielen in eine neue Komfortzone und kreieren aus dem Nichts neue Welten! Der Workshop gibt einen Vorgeschmack auf den \u00abSPIELCLUB\u00bb, den das Tanzhaus Luzern in Zusammenarbeit mit dem STURZBALLETT ab Herbst anbietet \u2013 ein Angebot, das sich ganz bewusst nicht an einer bestimmten Technik oder bestimmten Niveau orientiert, sondern die eigene Fantasie und die Lust an verspielten Begegnung ins Zentrum stellt. Alle k\u00f6nnen ganz sich selbst sein und werden nach ihren individuellen Bed\u00fcrfnissen gefordert. Ob sportlich oder gem\u00fctlich, ob vorsichtig oder wild \u2013 niemand muss sich beweisen und niemand muss sich zur\u00fccknehmen! Auch Menschen mit k\u00f6rperlichen oder geistigen Beeintr\u00e4chtigungen sowie Kinder und Senior*innen sind ausdr\u00fccklich willkommen. Gerade dass Menschen mit unterschiedlichen Erfahrungen und Altersstufen aufeinandertreffen, macht es lustvoll und spannend.\r\nDie Teilnahme ist kostenlos. Weitere Informationen hier.\r\n&nbsp;\r\nIMAGINARY DANCESCAPE\r\ndanceable landscape created by a soundscape\r\nImaginary Dancescape richtet sich an bewegungsinteressierte Menschen, unabh\u00e4ngig von Alter oder F\u00e4higkeiten und bietet Raum f\u00fcr gemeinsames tanzen, wo eigene Bewegungsqualit\u00e4ten erfunden und erforscht werden k\u00f6nnen.\r\nMit elektronischen Beats, pr\u00e4parierten Instrumenten und sph\u00e4rischen Synthesizer, nimmt dich der Musiker und Klangk\u00fcnstler Benjamin Pogonatos mit, auf eine Reise durch tanzbare Klanglandschaften. Entlang dem schmalen Grat zwischen Musik und Ger\u00e4usch, wird das Spektrum tanzbarer Musik ausgelotet.\r\nEine erfahrene T\u00e4nzerin, ein erfahrener T\u00e4nzer begleitet die Session, um den K\u00f6rper und die Sinne zu wecken und dich f\u00fcr den Raum und die Kl\u00e4nge darin zu sensibilisieren, bevor es ins freie tanzen zu improvisierter live Musik \u00fcber geht.\r\nIm M\u00e4rz wird die Session von Vanessa Sp\u00f6rri begleitet.\r\nWeitere Informationen hier oder per E-Mail an Benjamin Pogonatos\r\n&nbsp;","field_event_date":"30.06.2026","formatted_date_time":"2026-06-30 12:00:00","field_event_doors_datetime":"2026-06-30T12:00:00","field_event_doors":"12:00","formatted_event_doors":"2026-06-30 12:00:00","field_event_doors_string":"12:00","field_event_ticket_link":"","field_event_origin_link":"https:\/\/www.sudpol.ch\/programm\/sudpol-dance-25","field_event_youtube_clip_id":null,"field_event_soundcloud_clip_id":null,"field_event_vimeo_clip_id":null,"field_event_price":"Unterschiedliche Preise siehe Module","field_event_facebook_event_id":""}]